{"id":106,"date":"2007-11-26T01:12:00","date_gmt":"2007-11-26T01:12:00","guid":{"rendered":"http:\/\/achat.suisse-blog.ch\/?p=106"},"modified":"2007-11-26T01:12:00","modified_gmt":"2007-11-26T01:12:00","slug":"walter-fust-deja-de-retour-chez-jelmoli","status":"publish","type":"post","link":"https:\/\/achat.suisse-blog.ch\/de\/106\/walter-fust-deja-de-retour-chez-jelmoli\/","title":{"rendered":"Walter Fust d\u00e9j\u00e0 de retour chez Jelmoli?"},"content":{"rendered":"<p>Des actionnaires minoritaires du groupe zurichois proposent d&rsquo;\u00e9lire le futur ex-pr\u00e9sident comme administrateur.    Walter Fust pourrait d\u00e9j\u00e0 marquer son retour chez Jelmoli. Des actionnaires minoritaires du groupe zurichois proposent d&rsquo;\u00e9lire le futur ex-pr\u00e9sident comme administrateur. Georg von Opel subit ainsi un \u00e9chec dans son plan visant \u00e0 mettre \u00e0 l&rsquo;\u00e9cart son contradicteur.<\/p>\n<p><a href=\"http:\/\/clk.tradedoubler.com\/click?p=23854&amp;a=1401567&amp;g=17412678\" target=\"_BLANK\" rel=\"noopener\"><img decoding=\"async\" src=\"http:\/\/impch.tradedoubler.com\/imp?type(img)g(17412678)a(1401567)\" border=\"0\" alt=\"\" \/><\/a><\/p>\n<p>Franklin Templeton m\u00e8ne le collectif d&rsquo;actionnaires minoritaires qui a choisi Walter Fust pour repr\u00e9senter les d\u00e9tenteurs de titres au porteur au sein du conseil d&rsquo;administration. Via Mutual Series, la soci\u00e9t\u00e9 d&rsquo;investissement am\u00e9ricaine poss\u00e8de 18,7% des actions au porteur de Jelmoli, a-t-elle expliqu\u00e9 hier dans un communiqu\u00e9.  Ag\u00e9 de 65\u00a0ans, Walter Fust avait annonc\u00e9 le mois pass\u00e9 son retrait en tant que pr\u00e9sident du conseil d&rsquo;administration de Jelmoli lors de l&rsquo;assembl\u00e9e g\u00e9n\u00e9rale extraordinaire du 7\u00a0d\u00e9cembre prochain. Le mandat de Walter Fust, important actionnaire du groupe zurichois actif dans le commerce de d\u00e9tail et l&rsquo;immobilier, arrivait \u00e0 \u00e9ch\u00e9ance en 2009 seulement. \u00abJe n&rsquo;ai pas d\u00e9missionn\u00e9 en tant que pr\u00e9sident du conseil d&rsquo;administration \u00a0 j&rsquo;ai \u00e9t\u00e9 d\u00e9missionn\u00e9\u00bb, a-t-il d\u00e9clar\u00e9. Walter Fust si\u00e8ge depuis onze ans dans l&rsquo;organe de surveillance.<\/p>","protected":false},"excerpt":{"rendered":"<p>Des actionnaires minoritaires du groupe zurichois proposent d&rsquo;\u00e9lire le futur ex-pr\u00e9sident comme administrateur. Walter Fust pourrait d\u00e9j\u00e0 marquer son retour chez Jelmoli. Des actionnaires minoritaires du groupe zurichois proposent d&rsquo;\u00e9lire le futur ex-pr\u00e9sident comme administrateur. Georg von Opel subit ainsi un \u00e9chec dans son plan visant \u00e0 mettre \u00e0 l&rsquo;\u00e9cart son contradicteur. Franklin Templeton m\u00e8ne&#8230;<\/p>","protected":false},"author":1,"featured_media":0,"comment_status":"closed","ping_status":"closed","sticky":false,"template":"","format":"standard","meta":{"_kad_blocks_custom_css":"","_kad_blocks_head_custom_js":"","_kad_blocks_body_custom_js":"","_kad_blocks_footer_custom_js":"","_kadence_starter_templates_imported_post":false,"_kad_post_transparent":"","_kad_post_title":"","_kad_post_layout":"","_kad_post_sidebar_id":"","_kad_post_content_style":"","_kad_post_vertical_padding":"","_kad_post_feature":"","_kad_post_feature_position":"","_kad_post_header":false,"_kad_post_footer":false,"_kad_post_classname":"","_jetpack_newsletter_access":"","_jetpack_dont_email_post_to_subs":false,"_jetpack_newsletter_tier_id":0,"_jetpack_memberships_contains_paywalled_content":false,"_jetpack_feature_clip_id":0,"_jetpack_memberships_contains_paid_content":false,"footnotes":"","jetpack_post_was_ever_published":false},"categories":[983],"tags":[55,427,482,1196,604,643,981],"class_list":["post-106","post","type-post","status-publish","format-standard","hentry","category-actualite-entreprise","tag-actionnaires","tag-habits","tag-jelmoli","tag-magasin","tag-mode","tag-online","tag-zurichois"],"views":700,"taxonomy_info":{"category":[{"value":983,"label":"Actualit\u00e9 entreprise"}],"post_tag":[{"value":55,"label":"actionnaires"},{"value":427,"label":"habits"},{"value":482,"label":"Jelmoli"},{"value":1196,"label":"Magasin"},{"value":604,"label":"mode"},{"value":643,"label":"online"},{"value":981,"label":"zurichois"}]},"featured_image_src_large":false,"author_info":{"display_name":"Achat online suisse","author_link":"https:\/\/achat.suisse-blog.ch\/de\/author\/admin\/"},"comment_info":0,"category_info":[{"term_id":983,"name":"Actualit\u00e9 entreprise","slug":"actualite-entreprise","term_group":0,"term_taxonomy_id":1008,"taxonomy":"category","description":"","parent":3,"count":12,"filter":"raw","cat_ID":983,"category_count":12,"category_description":"","cat_name":"Actualit\u00e9 entreprise","category_nicename":"actualite-entreprise","category_parent":3}],"tag_info":[{"term_id":55,"name":"actionnaires","slug":"actionnaires","term_group":0,"term_taxonomy_id":56,"taxonomy":"post_tag","description":"","parent":0,"count":1,"filter":"raw"},{"term_id":427,"name":"habits","slug":"habits","term_group":0,"term_taxonomy_id":436,"taxonomy":"post_tag","description":"","parent":0,"count":11,"filter":"raw"},{"term_id":482,"name":"Jelmoli","slug":"jelmoli","term_group":0,"term_taxonomy_id":495,"taxonomy":"post_tag","description":"","parent":0,"count":6,"filter":"raw"},{"term_id":1196,"name":"Magasin","slug":"magasin","term_group":0,"term_taxonomy_id":576,"taxonomy":"post_tag","description":"","parent":0,"count":10,"filter":"raw"},{"term_id":604,"name":"mode","slug":"mode","term_group":0,"term_taxonomy_id":620,"taxonomy":"post_tag","description":"","parent":0,"count":24,"filter":"raw"},{"term_id":643,"name":"online","slug":"online","term_group":0,"term_taxonomy_id":661,"taxonomy":"post_tag","description":"","parent":0,"count":33,"filter":"raw"},{"term_id":981,"name":"zurichois","slug":"zurichois","term_group":0,"term_taxonomy_id":1006,"taxonomy":"post_tag","description":"","parent":0,"count":1,"filter":"raw"}],"jetpack_sharing_enabled":true,"jetpack_likes_enabled":true,"jetpack-related-posts":[],"jetpack_featured_media_url":"","_links":{"self":[{"href":"https:\/\/achat.suisse-blog.ch\/de\/wp-json\/wp\/v2\/posts\/106","targetHints":{"allow":["GET"]}}],"collection":[{"href":"https:\/\/achat.suisse-blog.ch\/de\/wp-json\/wp\/v2\/posts"}],"about":[{"href":"https:\/\/achat.suisse-blog.ch\/de\/wp-json\/wp\/v2\/types\/post"}],"author":[{"embeddable":true,"href":"https:\/\/achat.suisse-blog.ch\/de\/wp-json\/wp\/v2\/users\/1"}],"replies":[{"embeddable":true,"href":"https:\/\/achat.suisse-blog.ch\/de\/wp-json\/wp\/v2\/comments?post=106"}],"version-history":[{"count":0,"href":"https:\/\/achat.suisse-blog.ch\/de\/wp-json\/wp\/v2\/posts\/106\/revisions"}],"wp:attachment":[{"href":"https:\/\/achat.suisse-blog.ch\/de\/wp-json\/wp\/v2\/media?parent=106"}],"wp:term":[{"taxonomy":"category","embeddable":true,"href":"https:\/\/achat.suisse-blog.ch\/de\/wp-json\/wp\/v2\/categories?post=106"},{"taxonomy":"post_tag","embeddable":true,"href":"https:\/\/achat.suisse-blog.ch\/de\/wp-json\/wp\/v2\/tags?post=106"}],"curies":[{"name":"wp","href":"https:\/\/api.w.org\/{rel}","templated":true}]}}