{"id":148,"date":"2007-12-13T14:12:00","date_gmt":"2007-12-13T14:12:00","guid":{"rendered":"http:\/\/achat.suisse-blog.ch\/?p=148"},"modified":"2007-12-13T14:12:00","modified_gmt":"2007-12-13T14:12:00","slug":"sharp-poursuit-samsung-pour-violation-de-brevets-sur-les-lcd","status":"publish","type":"post","link":"https:\/\/achat.suisse-blog.ch\/de\/148\/sharp-poursuit-samsung-pour-violation-de-brevets-sur-les-lcd\/","title":{"rendered":"Sharp poursuit Samsung pour violation de brevets sur les LCD"},"content":{"rendered":"<h1><a href=\"\/index.php\/tag\/Sharp\"><br \/><\/a><\/h1>\n<p>Le groupe d&rsquo;\u00e9lectronique japonais Sharp a indiqu\u00e9 mercredi avoir lanc\u00e9 des poursuites contre son concurrent sud-cor\u00e9en Samsung pour violation de trois brevets portant sur des technologies d&rsquo;am\u00e9lioration du rendu et des performances des <a href=\"\/index.php\/tag\/t%C3%A9l%C3%A9viseurs\">t\u00e9l\u00e9viseurs<\/a> \u00e0 <a href=\"\/index.php\/tag\/%C3%A9cran\">\u00e9cran<\/a> \u00e0 cristaux liquides (LCD). <\/p>\n<p> <!-- 1ERE_PARTIE --> <\/p>\n<p> Dans sa plainte d\u00e9pos\u00e9e \u00e0 S\u00e9oul, Sharp consid\u00e8re que les modules d&rsquo;\u00e9cran et les <a href=\"\/index.php\/tag\/t%C3%A9l%C3%A9viseur\">t\u00e9l\u00e9viseur<\/a>s LCD produits et\/ou vendus par Samsung en Cor\u00e9e du Sud int\u00e8grent ill\u00e9galement des <a href=\"\/index.php\/tag\/technologie\">technologie<\/a>s brevet\u00e9es par lui-m\u00eame pour l&rsquo;optimisation de la visibilit\u00e9 et de la luminescence des \u00e9crans, ainsi que pour la gestion des mol\u00e9cules de cristaux liquides. <\/p>\n<p> <!-- 2EME_PARTIE --> <\/p>\n<p>Sharp exige des d\u00e9dommagements et demande au tribunal sud-cor\u00e9en d&rsquo;interdire \u00e0 Samsung la commercialisation en Cor\u00e9e du Sud des produits violant les brevets. <\/p>\n<p>Le groupe nippon, qui avait d\u00e9j\u00e0 d\u00e9pos\u00e9 une plainte similaire \u00e0 l&rsquo;encontre de son concurrent sud-cor\u00e9en en ao\u00fbt aupr\u00e8s d&rsquo;un tribunal am\u00e9ricain, a toutefois laiss\u00e9 entendre qu&rsquo;il pr\u00e9f\u00e8rerait une r\u00e9solution du conflit \u00e0 l&rsquo;amiable. <\/p>\n<p>Sharp est la premi\u00e8re <a href=\"\/index.php\/tag\/firme\">firme<\/a> \u00e0 avoir industrialis\u00e9 le mode d&rsquo;affichage LCD, initialement pour une calculatrice, en 1973. Il continue depuis de faire la course en t\u00eate mais doit affronter une <a href=\"\/index.php\/tag\/concurrence\">concurrence<\/a> de plus en plus vive alors qu&rsquo;explose le march\u00e9 mondial des t\u00e9l\u00e9viseurs \u00e0 \u00e9cran LCD en <a href=\"\/index.php\/tag\/haute-d%C3%A9finition\">haute-d\u00e9finition<\/a>. <\/p>","protected":false},"excerpt":{"rendered":"<p>Le groupe d&rsquo;\u00e9lectronique japonais Sharp a indiqu\u00e9 mercredi avoir lanc\u00e9 des poursuites contre son concurrent sud-cor\u00e9en Samsung pour violation de trois brevets portant sur des technologies d&rsquo;am\u00e9lioration du rendu et des performances des t\u00e9l\u00e9viseurs \u00e0 \u00e9cran \u00e0 cristaux liquides (LCD). Dans sa plainte d\u00e9pos\u00e9e \u00e0 S\u00e9oul, Sharp consid\u00e8re que les modules d&rsquo;\u00e9cran et les t\u00e9l\u00e9viseurs&#8230;<\/p>","protected":false},"author":1,"featured_media":0,"comment_status":"closed","ping_status":"closed","sticky":false,"template":"","format":"standard","meta":{"_kad_blocks_custom_css":"","_kad_blocks_head_custom_js":"","_kad_blocks_body_custom_js":"","_kad_blocks_footer_custom_js":"","_kadence_starter_templates_imported_post":false,"_kad_post_transparent":"","_kad_post_title":"","_kad_post_layout":"","_kad_post_sidebar_id":"","_kad_post_content_style":"","_kad_post_vertical_padding":"","_kad_post_feature":"","_kad_post_feature_position":"","_kad_post_header":false,"_kad_post_footer":false,"_kad_post_classname":"","_jetpack_newsletter_access":"","_jetpack_dont_email_post_to_subs":false,"_jetpack_newsletter_tier_id":0,"_jetpack_memberships_contains_paywalled_content":false,"_jetpack_feature_clip_id":0,"_jetpack_memberships_contains_paid_content":false,"footnotes":"","jetpack_post_was_ever_published":false},"categories":[983],"tags":[243,323,372,434,520,757,785,868,876,877],"class_list":["post-148","post","type-post","status-publish","format-standard","hentry","category-actualite-entreprise","tag-concurrence","tag-ecran","tag-firme","tag-haute-definition","tag-lcd","tag-samsung","tag-sharp","tag-technologie","tag-televiseur","tag-televiseurs"],"views":212,"taxonomy_info":{"category":[{"value":983,"label":"Actualit\u00e9 entreprise"}],"post_tag":[{"value":243,"label":"concurrence"},{"value":323,"label":"\u00e9cran"},{"value":372,"label":"firme"},{"value":434,"label":"haute-d\u00e9finition"},{"value":520,"label":"LCD"},{"value":757,"label":"Samsung"},{"value":785,"label":"Sharp"},{"value":868,"label":"Technologie"},{"value":876,"label":"t\u00e9l\u00e9viseur"},{"value":877,"label":"t\u00e9l\u00e9viseurs"}]},"featured_image_src_large":false,"author_info":{"display_name":"Achat online suisse","author_link":"https:\/\/achat.suisse-blog.ch\/de\/author\/admin\/"},"comment_info":0,"category_info":[{"term_id":983,"name":"Actualit\u00e9 entreprise","slug":"actualite-entreprise","term_group":0,"term_taxonomy_id":1008,"taxonomy":"category","description":"","parent":3,"count":12,"filter":"raw","cat_ID":983,"category_count":12,"category_description":"","cat_name":"Actualit\u00e9 entreprise","category_nicename":"actualite-entreprise","category_parent":3}],"tag_info":[{"term_id":243,"name":"concurrence","slug":"concurrence","term_group":0,"term_taxonomy_id":247,"taxonomy":"post_tag","description":"","parent":0,"count":2,"filter":"raw"},{"term_id":323,"name":"\u00e9cran","slug":"ecran","term_group":0,"term_taxonomy_id":330,"taxonomy":"post_tag","description":"","parent":0,"count":5,"filter":"raw"},{"term_id":372,"name":"firme","slug":"firme","term_group":0,"term_taxonomy_id":380,"taxonomy":"post_tag","description":"","parent":0,"count":1,"filter":"raw"},{"term_id":434,"name":"haute-d\u00e9finition","slug":"haute-definition","term_group":0,"term_taxonomy_id":443,"taxonomy":"post_tag","description":"","parent":0,"count":1,"filter":"raw"},{"term_id":520,"name":"LCD","slug":"lcd","term_group":0,"term_taxonomy_id":533,"taxonomy":"post_tag","description":"","parent":0,"count":2,"filter":"raw"},{"term_id":757,"name":"Samsung","slug":"samsung","term_group":0,"term_taxonomy_id":778,"taxonomy":"post_tag","description":"","parent":0,"count":4,"filter":"raw"},{"term_id":785,"name":"Sharp","slug":"sharp","term_group":0,"term_taxonomy_id":806,"taxonomy":"post_tag","description":"","parent":0,"count":1,"filter":"raw"},{"term_id":868,"name":"Technologie","slug":"technologie","term_group":0,"term_taxonomy_id":892,"taxonomy":"post_tag","description":"","parent":0,"count":4,"filter":"raw"},{"term_id":876,"name":"t\u00e9l\u00e9viseur","slug":"televiseur","term_group":0,"term_taxonomy_id":901,"taxonomy":"post_tag","description":"","parent":0,"count":4,"filter":"raw"},{"term_id":877,"name":"t\u00e9l\u00e9viseurs","slug":"televiseurs","term_group":0,"term_taxonomy_id":902,"taxonomy":"post_tag","description":"","parent":0,"count":1,"filter":"raw"}],"jetpack_sharing_enabled":true,"jetpack_likes_enabled":true,"jetpack-related-posts":[],"jetpack_featured_media_url":"","_links":{"self":[{"href":"https:\/\/achat.suisse-blog.ch\/de\/wp-json\/wp\/v2\/posts\/148","targetHints":{"allow":["GET"]}}],"collection":[{"href":"https:\/\/achat.suisse-blog.ch\/de\/wp-json\/wp\/v2\/posts"}],"about":[{"href":"https:\/\/achat.suisse-blog.ch\/de\/wp-json\/wp\/v2\/types\/post"}],"author":[{"embeddable":true,"href":"https:\/\/achat.suisse-blog.ch\/de\/wp-json\/wp\/v2\/users\/1"}],"replies":[{"embeddable":true,"href":"https:\/\/achat.suisse-blog.ch\/de\/wp-json\/wp\/v2\/comments?post=148"}],"version-history":[{"count":0,"href":"https:\/\/achat.suisse-blog.ch\/de\/wp-json\/wp\/v2\/posts\/148\/revisions"}],"wp:attachment":[{"href":"https:\/\/achat.suisse-blog.ch\/de\/wp-json\/wp\/v2\/media?parent=148"}],"wp:term":[{"taxonomy":"category","embeddable":true,"href":"https:\/\/achat.suisse-blog.ch\/de\/wp-json\/wp\/v2\/categories?post=148"},{"taxonomy":"post_tag","embeddable":true,"href":"https:\/\/achat.suisse-blog.ch\/de\/wp-json\/wp\/v2\/tags?post=148"}],"curies":[{"name":"wp","href":"https:\/\/api.w.org\/{rel}","templated":true}]}}