{"id":156,"date":"2007-12-19T00:24:00","date_gmt":"2007-12-19T00:24:00","guid":{"rendered":"http:\/\/achat.suisse-blog.ch\/?p=156"},"modified":"2007-12-19T00:24:00","modified_gmt":"2007-12-19T00:24:00","slug":"en-hiver-de-plus-en-plus-de-suisses-preferent-la-plage","status":"publish","type":"post","link":"https:\/\/achat.suisse-blog.ch\/de\/156\/en-hiver-de-plus-en-plus-de-suisses-preferent-la-plage\/","title":{"rendered":"En hiver, de plus en plus de Suisses pr\u00e9f\u00e8rent la plage"},"content":{"rendered":"<div id=\"zone_une\">\n<h1><a href=\"..\/index.php\/tag\/plage\"><br \/>\n <\/a><\/h1>\n<p> Les tour-op\u00e9rateurs helv\u00e9tiques se frottent les mains. La demande de <a href=\"..\/index.php\/tag\/voyages\">voyages<\/a> au <a href=\"..\/index.php\/tag\/soleil\">soleil<\/a> explose. <\/p>\n<\/p><\/div>\n<p><\/p>\n<div class=\"petit\" id=\"zone_article_txt\"><!-- 1ERE_PARTIE --> <\/p>\n<p>Le couple sacr\u00e9 que forment les Suisses et le ski tend \u00e0 se briser. En hiver, les vacanciers pr\u00e9f\u00e8rent en effet de plus en plus la plage \u00e0 la montagne. \u00abEn consid\u00e9rant l&rsquo;\u00e9volution de nos ventes dans cette p\u00e9riode de l&rsquo;ann\u00e9e, les chiffres publi\u00e9s par l&rsquo;Office f\u00e9d\u00e9ral de la statistique et ceux de Suisse Tourisme, nous devons admettre une nette augmentation de la demande de s\u00e9jours au chaud\u00bb, rel\u00e8ve le porte-parole du voyagiste <a href=\"..\/index.php\/tag\/Kuoni\">Kuoni<\/a> Suisse,<br \/>Peter Brun. <\/p>\n<p> <!-- 2EME_PARTIE --> <\/p>\n<p>Depuis novembre, un enneigement abondant et de qualit\u00e9 para\u00eet pourtant garanti dans nos montagnes jusqu&rsquo;\u00e0 la mi-janvier. La centrale de r\u00e9servation pour les vacances en Suisse (STC &nbsp; www.stc.ch) pr\u00e9voit une hausse de 40% des r\u00e9servations du 15&nbsp;d\u00e9cembre au 15&nbsp;janvier, par rapport \u00e0 la m\u00eame p\u00e9riode un an plus t\u00f4t. Malgr\u00e9 tout, rien ne semble pouvoir inverser la<br \/>tendance. <\/p>\n<\/p><\/div>\n<p><!--more--><\/p>\n<div class=\"petit\" id=\"zone_article_txt\"><\/p>\n<h3>Soleil infaillible<\/h3>\n<p><a href=\"\/index.php\/tag\/TUI\">TUI<\/a> <a href=\"\/index.php\/tag\/Suisse\">Suisse<\/a> annonce une progression d&rsquo;un cinqui\u00e8me de son <a href=\"\/index.php\/tag\/chiffre%20d%27affaires%20\">chiffre d&rsquo;affaires <\/a>en cet hiver 2007-2008 par rapport au pr\u00e9c\u00e9dent. <a href=\"\/index.php\/tag\/Hotelplan\">Hotelplan<\/a> \u00e9voque aussi une croissance \u00e0 deux chiffres pour cette m\u00eame p\u00e9riode. Dans toute la branche, l&rsquo;offre hivernale se concentre avant tout sur l&rsquo;<a href=\"\/index.php\/tag\/Egypte\">Egypte<\/a>, la <a href=\"\/index.php\/tag\/Tha%C3%AFlande\">Tha\u00eflande<\/a>, les <a href=\"\/index.php\/tag\/Cara%C3%AFbes\">Cara\u00efbes<\/a> et les <a href=\"\/index.php\/tag\/Maldives\">Maldives<\/a>. Des lieux o\u00f9 la <a href=\"\/index.php\/tag\/m%C3%A9t%C3%A9o\">m\u00e9t\u00e9o<\/a> s&rsquo;av\u00e8re infaillible. <\/p>\n<p> <!-- 3EME_PARTIE --> <\/p>\n<p>\u00abEn hiver, nous constatons une augmentation du nombre de personnes attir\u00e9es par la mer et exigeant un niveau de qualit\u00e9 \u00e9lev\u00e9\u00bb, indique Peter Brun. <\/p>\n<p>Des chiffres r\u00e9cents confirment en plus le go\u00fbt des Suisses pour la chaleur \u00e0 la maison. Comparaison: les nuit\u00e9es en <a href=\"\/index.php\/tag\/h%C3%B4tel\">h\u00f4tel<\/a> de ces clients indig\u00e8nes ont augment\u00e9 de 4,7% lors de l&rsquo;\u00e9t\u00e9 2006, puis de 1,3% un an plus tard, contre une stagnation<br \/>absolue au cours de l&rsquo;hiver 2005-2006, puis 0,9% le suivant. <\/p>\n<p>Malgr\u00e9 ces chiffres, quelques donn\u00e9es d\u00e9mentent tout de m\u00eame une d\u00e9sertion imminente des stations de ski helv\u00e9tiques par les habitants du pays. \u00abLeurs nuit\u00e9es hivernales en Suisse ont cr\u00fb d&rsquo;environ 11% au cours des dix derni\u00e8res ann\u00e9es\u00bb, note la porte-parole de Suisse Tourisme, V\u00e9ronique Kanel. <\/p>\n<p>Quoi qu&rsquo;il en soit, des facteurs d\u00e9cisifs p\u00e8sent sur un improbable essor des sports d&rsquo;hiver: notamment les prix de plus en plus avantageux des vacances baln\u00e9aires hivernales et une diversification de l&rsquo;offre des tour-op\u00e9rateurs, favorisant une demande de plus en plus versatile. <\/p>\n<h3>La fin de la croissance<\/h3>\n<p>Des contraintes \u00e9conomiques obligent en outre les \u00e9tablissements scolaires \u00e0 restreindre les classes de neige. Fin 2004, l&rsquo;association des exploitants de remont\u00e9es m\u00e9caniques d\u00e9plorait d\u00e9j\u00e0 une r\u00e9duction de 5% de ces s\u00e9jours inoubliables au cours des dix derni\u00e8res ann\u00e9es. L&rsquo;encouragement de la pratique du ski est donc p\u00e9nalis\u00e9, alors que, justement, le nombre de familles constitu\u00e9es de parents sans exp\u00e9rience de sports d&rsquo;hiver augmente. <\/p>\n<p>Pour conjurer le sort,<br \/>Remont\u00e9es m\u00e9caniques suisses, accompagn\u00e9es de plusieurs partenaires comme Suisse Tourisme, ont cr\u00e9\u00e9 la communaut\u00e9 d&rsquo;in-t\u00e9r\u00eats \u00abNeige\u00bb. Celle-ci met notamment \u00e0 disposition une plate-forme de r\u00e9servation sur le web pour faciliter l&rsquo;organisation de camps de <a href=\"\/index.php\/tag\/ski\">ski<\/a>. <\/p>\n<p>Les experts s&#8217;empressent n\u00e9anmoins de dissiper les illusions. \u00abIl faut se pr\u00e9parer \u00e0 la fin des objectifs de croissance dans les sports d&rsquo;hiver\u00bb, pr\u00e9vient ainsi depuis trois ans Hansruedi M\u00fcller, professeur \u00e0 l&rsquo;Institut de recherche sur les loisirs et le tourisme de l&rsquo;Universit\u00e9 de <a href=\"\/index.php\/tag\/Berne\">Berne<\/a>. <\/p>\n<\/p><\/div>","protected":false},"excerpt":{"rendered":"<div id=\"zone_une\">\n<h1><a href=\"..\/index.php\/tag\/plage\"><br \/>\n <\/a><\/h1>\n<p> Les tour-op\u00e9rateurs helv\u00e9tiques se frottent les mains. La demande de <a href=\"..\/index.php\/tag\/voyages\">voyages<\/a> au <a href=\"..\/index.php\/tag\/soleil\">soleil<\/a> explose. <\/p>\n<\/p><\/div>\n<p><\/p>\n<div class=\"petit\" id=\"zone_article_txt\"><!-- 1ERE_PARTIE --> <\/p>\n<p>Le couple sacr\u00e9 que forment les Suisses et le ski tend \u00e0 se briser. En hiver, les vacanciers pr\u00e9f\u00e8rent en effet de plus en plus la plage \u00e0 la montagne. \u00abEn consid\u00e9rant l&rsquo;\u00e9volution de nos ventes dans cette p\u00e9riode de l&rsquo;ann\u00e9e, les chiffres publi\u00e9s par l&rsquo;Office f\u00e9d\u00e9ral de la statistique et ceux de Suisse Tourisme, nous devons admettre une nette augmentation de la demande de s\u00e9jours au chaud\u00bb, rel\u00e8ve le porte-parole du voyagiste <a href=\"..\/index.php\/tag\/Kuoni\">Kuoni<\/a> Suisse,<br \/>Peter Brun. <\/p>\n<p> <!-- 2EME_PARTIE --> <\/p>\n<p>Depuis novembre, un enneigement abondant et de qualit\u00e9 para\u00eet pourtant garanti dans nos montagnes jusqu&rsquo;\u00e0 la mi-janvier. La centrale de r\u00e9servation pour les vacances en Suisse (STC &nbsp; www.stc.ch) pr\u00e9voit une hausse de 40% des r\u00e9servations du 15&nbsp;d\u00e9cembre au 15&nbsp;janvier, par rapport \u00e0 la m\u00eame p\u00e9riode un an plus t\u00f4t. Malgr\u00e9 tout, rien ne semble pouvoir inverser la<br \/>tendance. <\/p>\n<\/p><\/div>","protected":false},"author":1,"featured_media":0,"comment_status":"closed","ping_status":"closed","sticky":false,"template":"","format":"standard","meta":{"_kad_blocks_custom_css":"","_kad_blocks_head_custom_js":"","_kad_blocks_body_custom_js":"","_kad_blocks_footer_custom_js":"","_kadence_starter_templates_imported_post":false,"_kad_post_transparent":"","_kad_post_title":"","_kad_post_layout":"","_kad_post_sidebar_id":"","_kad_post_content_style":"","_kad_post_vertical_padding":"","_kad_post_feature":"","_kad_post_feature_position":"","_kad_post_header":false,"_kad_post_footer":false,"_kad_post_classname":"","_jetpack_newsletter_access":"","_jetpack_dont_email_post_to_subs":false,"_jetpack_newsletter_tier_id":0,"_jetpack_memberships_contains_paywalled_content":false,"_jetpack_feature_clip_id":0,"_jetpack_memberships_contains_paid_content":false,"footnotes":"","jetpack_post_was_ever_published":false},"categories":[34],"tags":[134,193,214,324,441,448,449,512,568,591,680,796,809,838,883,905,948],"class_list":["post-156","post","type-post","status-publish","format-standard","hentry","category-vacances-voyages","tag-berne","tag-caraibes","tag-chiffre-daffaires","tag-egypte","tag-hiver","tag-hotel","tag-hotelplan","tag-kuoni","tag-maldives","tag-meteo","tag-plage","tag-ski","tag-soleil","tag-suisse","tag-thailande","tag-tui","tag-voyages"],"views":210,"taxonomy_info":{"category":[{"value":34,"label":"Vacances voyages"}],"post_tag":[{"value":134,"label":"Berne"},{"value":193,"label":"Cara\u00efbes"},{"value":214,"label":"chiffre daffaires"},{"value":324,"label":"Egypte"},{"value":441,"label":"hiver"},{"value":448,"label":"h\u00f4tel"},{"value":449,"label":"Hotelplan"},{"value":512,"label":"Kuoni"},{"value":568,"label":"Maldives"},{"value":591,"label":"m\u00e9t\u00e9o"},{"value":680,"label":"plage"},{"value":796,"label":"Ski"},{"value":809,"label":"soleil"},{"value":838,"label":"suisse"},{"value":883,"label":"Tha\u00eflande"},{"value":905,"label":"TUI"},{"value":948,"label":"voyages"}]},"featured_image_src_large":false,"author_info":{"display_name":"Achat online suisse","author_link":"https:\/\/achat.suisse-blog.ch\/de\/author\/admin\/"},"comment_info":0,"category_info":[{"term_id":34,"name":"Vacances voyages","slug":"vacances-voyages","term_group":0,"term_taxonomy_id":34,"taxonomy":"category","description":"","parent":0,"count":45,"filter":"raw","cat_ID":34,"category_count":45,"category_description":"","cat_name":"Vacances voyages","category_nicename":"vacances-voyages","category_parent":0}],"tag_info":[{"term_id":134,"name":"Berne","slug":"berne","term_group":0,"term_taxonomy_id":135,"taxonomy":"post_tag","description":"","parent":0,"count":6,"filter":"raw"},{"term_id":193,"name":"Cara\u00efbes","slug":"caraibes","term_group":0,"term_taxonomy_id":197,"taxonomy":"post_tag","description":"","parent":0,"count":1,"filter":"raw"},{"term_id":214,"name":"chiffre daffaires","slug":"chiffre-daffaires","term_group":0,"term_taxonomy_id":218,"taxonomy":"post_tag","description":"","parent":0,"count":6,"filter":"raw"},{"term_id":324,"name":"Egypte","slug":"egypte","term_group":0,"term_taxonomy_id":331,"taxonomy":"post_tag","description":"","parent":0,"count":2,"filter":"raw"},{"term_id":441,"name":"hiver","slug":"hiver","term_group":0,"term_taxonomy_id":450,"taxonomy":"post_tag","description":"","parent":0,"count":2,"filter":"raw"},{"term_id":448,"name":"h\u00f4tel","slug":"hotel","term_group":0,"term_taxonomy_id":457,"taxonomy":"post_tag","description":"","parent":0,"count":17,"filter":"raw"},{"term_id":449,"name":"Hotelplan","slug":"hotelplan","term_group":0,"term_taxonomy_id":458,"taxonomy":"post_tag","description":"","parent":0,"count":2,"filter":"raw"},{"term_id":512,"name":"Kuoni","slug":"kuoni","term_group":0,"term_taxonomy_id":525,"taxonomy":"post_tag","description":"","parent":0,"count":5,"filter":"raw"},{"term_id":568,"name":"Maldives","slug":"maldives","term_group":0,"term_taxonomy_id":582,"taxonomy":"post_tag","description":"","parent":0,"count":1,"filter":"raw"},{"term_id":591,"name":"m\u00e9t\u00e9o","slug":"meteo","term_group":0,"term_taxonomy_id":606,"taxonomy":"post_tag","description":"","parent":0,"count":1,"filter":"raw"},{"term_id":680,"name":"plage","slug":"plage","term_group":0,"term_taxonomy_id":700,"taxonomy":"post_tag","description":"","parent":0,"count":2,"filter":"raw"},{"term_id":796,"name":"Ski","slug":"ski","term_group":0,"term_taxonomy_id":818,"taxonomy":"post_tag","description":"","parent":0,"count":2,"filter":"raw"},{"term_id":809,"name":"soleil","slug":"soleil","term_group":0,"term_taxonomy_id":832,"taxonomy":"post_tag","description":"","parent":0,"count":1,"filter":"raw"},{"term_id":838,"name":"suisse","slug":"suisse","term_group":0,"term_taxonomy_id":862,"taxonomy":"post_tag","description":"","parent":0,"count":60,"filter":"raw"},{"term_id":883,"name":"Tha\u00eflande","slug":"thailande","term_group":0,"term_taxonomy_id":908,"taxonomy":"post_tag","description":"","parent":0,"count":1,"filter":"raw"},{"term_id":905,"name":"TUI","slug":"tui","term_group":0,"term_taxonomy_id":930,"taxonomy":"post_tag","description":"","parent":0,"count":1,"filter":"raw"},{"term_id":948,"name":"voyages","slug":"voyages","term_group":0,"term_taxonomy_id":973,"taxonomy":"post_tag","description":"","parent":0,"count":15,"filter":"raw"}],"jetpack_sharing_enabled":true,"jetpack_likes_enabled":true,"jetpack-related-posts":[],"jetpack_featured_media_url":"","_links":{"self":[{"href":"https:\/\/achat.suisse-blog.ch\/de\/wp-json\/wp\/v2\/posts\/156","targetHints":{"allow":["GET"]}}],"collection":[{"href":"https:\/\/achat.suisse-blog.ch\/de\/wp-json\/wp\/v2\/posts"}],"about":[{"href":"https:\/\/achat.suisse-blog.ch\/de\/wp-json\/wp\/v2\/types\/post"}],"author":[{"embeddable":true,"href":"https:\/\/achat.suisse-blog.ch\/de\/wp-json\/wp\/v2\/users\/1"}],"replies":[{"embeddable":true,"href":"https:\/\/achat.suisse-blog.ch\/de\/wp-json\/wp\/v2\/comments?post=156"}],"version-history":[{"count":0,"href":"https:\/\/achat.suisse-blog.ch\/de\/wp-json\/wp\/v2\/posts\/156\/revisions"}],"wp:attachment":[{"href":"https:\/\/achat.suisse-blog.ch\/de\/wp-json\/wp\/v2\/media?parent=156"}],"wp:term":[{"taxonomy":"category","embeddable":true,"href":"https:\/\/achat.suisse-blog.ch\/de\/wp-json\/wp\/v2\/categories?post=156"},{"taxonomy":"post_tag","embeddable":true,"href":"https:\/\/achat.suisse-blog.ch\/de\/wp-json\/wp\/v2\/tags?post=156"}],"curies":[{"name":"wp","href":"https:\/\/api.w.org\/{rel}","templated":true}]}}