{"id":176,"date":"2008-03-20T10:01:00","date_gmt":"2008-03-20T10:01:00","guid":{"rendered":"http:\/\/achat.suisse-blog.ch\/?p=176"},"modified":"2008-03-20T10:01:00","modified_gmt":"2008-03-20T10:01:00","slug":"dernier-kilometre-cablecom-en-tete","status":"publish","type":"post","link":"https:\/\/achat.suisse-blog.ch\/de\/176\/dernier-kilometre-cablecom-en-tete\/","title":{"rendered":"Dernier kilom\u00e8tre: Cablecom en t\u00eate!"},"content":{"rendered":"<div class=\"storyDate\"><\/p>\n<div class=\"tiretLineRouge\"><img decoding=\"async\" alt=\"\" data-src=\"http:\/\/www.tsr.ch\/common_images\/spacer.gif\" border=\"0\" height=\"1\" width=\"1\" src=\"data:image\/svg+xml;base64,PHN2ZyB3aWR0aD0iMSIgaGVpZ2h0PSIxIiB4bWxucz0iaHR0cDovL3d3dy53My5vcmcvMjAwMC9zdmciPjwvc3ZnPg==\" class=\"lazyload\" style=\"--smush-placeholder-width: 1px; --smush-placeholder-aspect-ratio: 1\/1;\" \/><\/div>\n<\/div>\n<p><a onclick=\"window.open(this.href, &#039;_blank&#039;, &#039;width=800,height=529,scrollbars=no,resizable=no,toolbar=no,directories=no,location=no,menubar=no,status=no,left=0,top=0&#039;); return false\" href=\"http:\/\/tsr.blogs.com\/.shared\/image.html?\/photos\/uncategorized\/2008\/03\/19\/cartecablecom.jpg\" target=\"_blank\" rel=\"noopener\"><img decoding=\"async\" title=\"Cartecablecom\" style=\"--smush-placeholder-width: 170px; --smush-placeholder-aspect-ratio: 170\/112;margin: 0 0 5px 5px; float: right;\" alt=\"Cartecablecom\" data-src=\"http:\/\/tsr.blogs.com\/telecom\/images\/2008\/03\/19\/cartecablecom.jpg\" border=\"0\" height=\"112\" width=\"170\" src=\"data:image\/svg+xml;base64,PHN2ZyB3aWR0aD0iMSIgaGVpZ2h0PSIxIiB4bWxucz0iaHR0cDovL3d3dy53My5vcmcvMjAwMC9zdmciPjwvc3ZnPg==\" class=\"lazyload\" \/><\/a> Cablecom progresse vite et m\u00eame tr\u00e8s vite sur le dernier kilom\u00e8tre. Selon les derniers chiffres, le premier c\u00e2blo-op\u00e9rateur du pays a d\u00e9j\u00e0 d\u00e9group\u00e9 une centaine de centraux et fait donc figure de tr\u00e8s bon \u00e9l\u00e8ve. Depuis le d\u00e9but du processus et jusqu\u2019\u00e0 la fin de l\u2019ann\u00e9e, il aura investi plusieurs dizaines de millions de francs.<\/p>\n<p>Claude Hildenbrand, directeur romand de Cablecom, s&rsquo;exprime sur le march\u00e9 vis\u00e9 et les investissements consentis [1:43]<\/p>\n<p> <object id=\"dewplayer\" codebase=\"http:\/\/fpdownload.macromedia.com\/pub\/shockwave\/cabs\/flash\/swflash.cab#version=7,0,0,0\" classid=\"clsid:d27cdb6e-ae6d-11cf-96b8-444553540000\" align=\"middle\" height=\"20\" width=\"200\"><param name=\"_cx\" value=\"5292\" \/><param name=\"_cy\" value=\"529\" \/><param name=\"FlashVars\" value=\"\" \/><param name=\"Movie\" value=\"http:\/\/info.tsr.ch\/helpers\/dewplayer.swf?son=http:\/\/www.tsr.ch\/xobix_media\/tsr\/other\/2008\/03\/chdkm.mp3&amp;autostart=0&amp;bgcolor=FFFFFF\" \/><param name=\"Src\" value=\"http:\/\/info.tsr.ch\/helpers\/dewplayer.swf?son=http:\/\/www.tsr.ch\/xobix_media\/tsr\/other\/2008\/03\/chdkm.mp3&amp;autostart=0&amp;bgcolor=FFFFFF\" \/><param name=\"WMode\" value=\"Window\" \/><param name=\"Play\" value=\"0\" \/><param name=\"Loop\" value=\"-1\" \/><param name=\"Quality\" value=\"High\" \/><param name=\"SAlign\" value=\"\" \/><param name=\"Menu\" value=\"-1\" \/><param name=\"Base\" value=\"\" \/><param name=\"AllowScriptAccess\" value=\"always\" \/><param name=\"Scale\" value=\"ShowAll\" \/><param name=\"DeviceFont\" value=\"0\" \/><param name=\"EmbedMovie\" value=\"0\" \/><param name=\"BGColor\" value=\"FFFFFF\" \/><param name=\"SWRemote\" value=\"\" \/><param name=\"MovieData\" value=\"\" \/><param name=\"SeamlessTabbing\" value=\"1\" \/><param name=\"Profile\" value=\"0\" \/><param name=\"ProfileAddress\" value=\"\" \/><param name=\"ProfilePort\" value=\"0\" \/><param name=\"AllowNetworking\" value=\"all\" \/><param name=\"AllowFullScreen\" value=\"false\" \/><\/p>\n<p>Pas d\u2019euphorie toutefois pour les particuliers, qui se tourneront vers les <a href=\"http:\/\/www.cablecom.ch\/fr\/index.htm\" target=\"_blank\" rel=\"noopener\">offres habituelles<\/a>, puisque cette soci\u00e9t\u00e9 ne propose de services d\u00e9group\u00e9s qu\u2019aux grandes entreprises ainsi qu\u2019aux <a href=\"..\/index.php\/tag\/PME\">PME<\/a>, un march\u00e9 particuli\u00e8rement vaste en Suisse, qui <a href=\"http:\/\/www.kmu.admin.ch\/politik\/00100\/00101\/index.html?lang=fr\" target=\"_blank\" rel=\"noopener\">comptait<\/a> pr\u00e8s de 300&rsquo;000 PME en 2005.<\/p>\n<p>Bien qu&rsquo;en avance sur ses concurrents, Cablecom ne compte pas en rester l\u00e0. D\u2019ici au mois de juin, la soci\u00e9t\u00e9 zurichoise en mains am\u00e9ricaines table sur 140 centraux d\u00e9group\u00e9s et jusqu\u2019\u00e0 160 d\u2019ici la fin de l\u2019ann\u00e9e. Les plans de Cablecom, qui reposent sur un <a href=\"http:\/\/www.cablecom.biz\/fr\/cc_fs_infrastruktur.pdf\" target=\"_blank\" rel=\"noopener\">backbone<\/a> cons\u00e9quent, n&rsquo;ont \u00e9videmment pas \u00e9t\u00e9 \u00e9chaffaud\u00e9s au hasard. <\/p>\n<p> <!-- DEBUT du code HTML zanox-affiliate --> <!-- (Le code HTML zanox-affiliate ne peut pas \u00eatre modifi\u00e9 pour pr\u00e9server une fonctionnalit\u00e9 parfaite !)--> <img decoding=\"async\" src=\"http:\/\/ad.zanox.com\/ppv\/?8637857C214304344\" align=\"bottom\" width=\"1\" height=\"1\" border=\"0\" hspace=\"1\"><object classid=\"clsid:d27cdb6e-ae6d-11cf-96b8-444553540000\" codebase=\"http:\/\/fpdownload.macromedia.com\/pub\/shockwave\/cabs\/flash\/swflash.cab#version=8,0,0,0\" width=\"468\" height=\"60\" id=\"halbPreisAktion_468x60_fr\" align=\"middle\"><param name=\"allowScriptAccess\" value=\"sameDomain\" \/><param name=\"movie\" value=\"http:\/\/gollum.hispeed.ch\/img\/directmail\/ZANOX%20banners\/fr\/halbPreisAktion_468x60_fr.swf?clickTag=http:\/\/ad.zanox.com\/ppc\/?8637857C214304344&#038;ULP=\" \/><param name=\"quality\" value=\"high\" \/><param name=\"bgcolor\" value=\"#000000\" \/><\/object> <!-- FIN du code HTML zanox-affiliate --><br \/>\n<!--more--><br \/>\n<\/p>\n<p><strong>M\u00e9thodiquement<\/strong><br \/>\u00ab\u00a0On a fait des \u00e9tudes au cas par cas. On se focalise sur les grandes agglom\u00e9rations et les zones \u00e0 fort potentiel \u00e9conomique\u00a0\u00bb, explique S\u00e9bastien Dufaux, responsable des op\u00e9rations <a href=\"http:\/\/www.cablecom.biz\/\" target=\"_blank\" rel=\"noopener\">Cablecom business<\/a> pour la Suisse romande et le Tessin.<\/p>\n<p>Pour l\u2019instant de grandes parties de Zurich et B\u00e2le sont d\u00e9group\u00e9es. Les villes de Gen\u00e8ve, Lausanne et Berne seront bient\u00f4t totalement d\u00e9group\u00e9es. Par ailleurs, en Suisse romande, Cablecom avance tr\u00e8s vite aussi du c\u00f4t\u00e9 de plus petites localit\u00e9s comme Morges, Nyon, Montreux et Yverdon.<\/p>\n<p><strong><a href=\"\/index.php\/tag\/Cablecom\">Cablecom<\/a> tr\u00e8s rapide<\/strong><br \/>Selon Cablecom, qui compte aujourd&rsquo;hui environ 2500 clients entreprises, ses prestations pour de petites soci\u00e9t\u00e9s seraient entre 20 et 30% meilleur march\u00e9 que celles de Swisscom. <a href=\"http:\/\/www.cablecom.ch\/fr\/080228_cablecom_medienmitteilung.pdf\" target=\"_blank\" rel=\"noopener\">Par exemple<\/a>, pour quatre raccordements, soit 10 lignes ainsi qu\u2019une liaison internet \u00e0 10\u2019000\/1000 kbits\/sec, Cablecom facture moins de 200 francs. Swisscom serait 150 francs plus cher.<\/p>\n<p>M\u00eame si le petit consommateur n\u2019est pas directement concern\u00e9, il peut constater que Cablecom et VTX sont les soci\u00e9t\u00e9s qui avancent le plus rapidement sur le dernier kilom\u00e8tre. Sunrise, num\u00e9ro deux helv\u00e9tique des t\u00e9l\u00e9coms, devrait cependant <a href=\"http:\/\/tsr.blogs.com\/telecom\/2008\/03\/dgroupage-sunri.html\" target=\"_blank\" rel=\"noopener\">combler<\/a> son retard d\u2019ici la fin de l\u2019ann\u00e9e&#8230;<\/p>\n<p>Xavier Studer<\/p>\n<p> <script type=\"text\/javascript\"> var uri = 'http:\/\/impch.tradedoubler.com\/imp?type(img)g(16643028)a(1401567)' + new String (Math.random()).substring (2, 11); document.write('<a href=\"http:\/\/clk.tradedoubler.com\/click?p=23199&#038;a=1401567&#038;g=16643028\" target=\"_BLANK\"><img decoding=\"async\" src=\"'+uri+'\" border=0><\/a>'); <\/script><\/p>\n","protected":false},"excerpt":{"rendered":"<div class=\"storyDate\"><\/p>\n<div class=\"tiretLineRouge\"><img decoding=\"async\" alt=\"\" data-src=\"http:\/\/www.tsr.ch\/common_images\/spacer.gif\" border=\"0\" height=\"1\" width=\"1\" src=\"data:image\/svg+xml;base64,PHN2ZyB3aWR0aD0iMSIgaGVpZ2h0PSIxIiB4bWxucz0iaHR0cDovL3d3dy53My5vcmcvMjAwMC9zdmciPjwvc3ZnPg==\" class=\"lazyload\" style=\"--smush-placeholder-width: 1px; --smush-placeholder-aspect-ratio: 1\/1;\" \/><\/div>\n<\/div>\n<p><a onclick=\"window.open(this.href, '_blank', 'width=800,height=529,scrollbars=no,resizable=no,toolbar=no,directories=no,location=no,menubar=no,status=no,left=0,top=0'); return false\" href=\"http:\/\/tsr.blogs.com\/.shared\/image.html?\/photos\/uncategorized\/2008\/03\/19\/cartecablecom.jpg\"><img decoding=\"async\" title=\"Cartecablecom\" style=\"--smush-placeholder-width: 170px; --smush-placeholder-aspect-ratio: 170\/112;margin: 0 0 5px 5px; float: right;\" alt=\"Cartecablecom\" data-src=\"http:\/\/tsr.blogs.com\/telecom\/images\/2008\/03\/19\/cartecablecom.jpg\" border=\"0\" height=\"112\" width=\"170\" src=\"data:image\/svg+xml;base64,PHN2ZyB3aWR0aD0iMSIgaGVpZ2h0PSIxIiB4bWxucz0iaHR0cDovL3d3dy53My5vcmcvMjAwMC9zdmciPjwvc3ZnPg==\" class=\"lazyload\" \/><\/a> Cablecom progresse vite et m\u00eame tr\u00e8s vite sur le dernier kilom\u00e8tre. Selon les derniers chiffres, le premier c\u00e2blo-op\u00e9rateur du pays a d\u00e9j\u00e0 d\u00e9group\u00e9 une centaine de centraux et fait donc figure de tr\u00e8s bon \u00e9l\u00e8ve. Depuis le d\u00e9but du processus et jusqu\u2019\u00e0 la fin de l\u2019ann\u00e9e, il aura investi plusieurs dizaines de millions de francs.<\/p>\n<p>Claude Hildenbrand, directeur romand de Cablecom, s&rsquo;exprime sur le march\u00e9 vis\u00e9 et les investissements consentis [1:43]<\/p>\n<p> <object id=\"dewplayer\" codebase=\"http:\/\/fpdownload.macromedia.com\/pub\/shockwave\/cabs\/flash\/swflash.cab#version=7,0,0,0\" classid=\"clsid:d27cdb6e-ae6d-11cf-96b8-444553540000\" align=\"middle\" height=\"20\" width=\"200\"><param name=\"_cx\" value=\"5292\" \/><param name=\"_cy\" value=\"529\" \/><param name=\"FlashVars\" value=\"\" \/><param name=\"Movie\" value=\"http:\/\/info.tsr.ch\/helpers\/dewplayer.swf?son=http:\/\/www.tsr.ch\/xobix_media\/tsr\/other\/2008\/03\/chdkm.mp3&amp;autostart=0&amp;bgcolor=FFFFFF\" \/><param name=\"Src\" value=\"http:\/\/info.tsr.ch\/helpers\/dewplayer.swf?son=http:\/\/www.tsr.ch\/xobix_media\/tsr\/other\/2008\/03\/chdkm.mp3&amp;autostart=0&amp;bgcolor=FFFFFF\" \/><param name=\"WMode\" value=\"Window\" \/><param name=\"Play\" value=\"0\" \/><param name=\"Loop\" value=\"-1\" \/><param name=\"Quality\" value=\"High\" \/><param name=\"SAlign\" value=\"\" \/><param name=\"Menu\" value=\"-1\" \/><param name=\"Base\" value=\"\" \/><param name=\"AllowScriptAccess\" value=\"always\" \/><param name=\"Scale\" value=\"ShowAll\" \/><param name=\"DeviceFont\" value=\"0\" \/><param name=\"EmbedMovie\" value=\"0\" \/><param name=\"BGColor\" value=\"FFFFFF\" \/><param name=\"SWRemote\" value=\"\" \/><param name=\"MovieData\" value=\"\" \/><param name=\"SeamlessTabbing\" value=\"1\" \/><param name=\"Profile\" value=\"0\" \/><param name=\"ProfileAddress\" value=\"\" \/><param name=\"ProfilePort\" value=\"0\" \/><param name=\"AllowNetworking\" value=\"all\" \/><param name=\"AllowFullScreen\" value=\"false\" \/><\/p>\n<p>Pas d\u2019euphorie toutefois pour les particuliers, qui se tourneront vers les <a href=\"http:\/\/www.cablecom.ch\/fr\/index.htm\" target=\"_blank\">offres habituelles<\/a>, puisque cette soci\u00e9t\u00e9 ne propose de services d\u00e9group\u00e9s qu\u2019aux grandes entreprises ainsi qu\u2019aux <a href=\"..\/index.php\/tag\/PME\">PME<\/a>, un march\u00e9 particuli\u00e8rement vaste en Suisse, qui <a href=\"http:\/\/www.kmu.admin.ch\/politik\/00100\/00101\/index.html?lang=fr\" target=\"_blank\">comptait<\/a> pr\u00e8s de 300&rsquo;000 PME en 2005.<\/p>\n<p>Bien qu&rsquo;en avance sur ses concurrents, Cablecom ne compte pas en rester l\u00e0. D\u2019ici au mois de juin, la soci\u00e9t\u00e9 zurichoise en mains am\u00e9ricaines table sur 140 centraux d\u00e9group\u00e9s et jusqu\u2019\u00e0 160 d\u2019ici la fin de l\u2019ann\u00e9e. Les plans de Cablecom, qui reposent sur un <a href=\"http:\/\/www.cablecom.biz\/fr\/cc_fs_infrastruktur.pdf\" target=\"_blank\">backbone<\/a> cons\u00e9quent, n&rsquo;ont \u00e9videmment pas \u00e9t\u00e9 \u00e9chaffaud\u00e9s au hasard. <\/p>\n<p> <!-- DEBUT du code HTML zanox-affiliate --> <!-- (Le code HTML zanox-affiliate ne peut pas \u00eatre modifi\u00e9 pour pr\u00e9server une fonctionnalit\u00e9 parfaite !)--> <img decoding=\"async\" src=\"http:\/\/ad.zanox.com\/ppv\/?8637857C214304344\" align=\"bottom\" width=\"1\" height=\"1\" border=\"0\" hspace=\"1\"><object classid=\"clsid:d27cdb6e-ae6d-11cf-96b8-444553540000\" codebase=\"http:\/\/fpdownload.macromedia.com\/pub\/shockwave\/cabs\/flash\/swflash.cab#version=8,0,0,0\" width=\"468\" height=\"60\" id=\"halbPreisAktion_468x60_fr\" align=\"middle\"><param name=\"allowScriptAccess\" value=\"sameDomain\" \/><param name=\"movie\" value=\"http:\/\/gollum.hispeed.ch\/img\/directmail\/ZANOX%20banners\/fr\/halbPreisAktion_468x60_fr.swf?clickTag=http:\/\/ad.zanox.com\/ppc\/?8637857C214304344&#038;ULP=\" \/><param name=\"quality\" value=\"high\" \/><param name=\"bgcolor\" value=\"#000000\" \/><embed src=\"http:\/\/gollum.hispeed.ch\/img\/directmail\/ZANOX%20banners\/fr\/halbPreisAktion_468x60_fr.swf?clickTag=http:\/\/ad.zanox.com\/ppc\/?8637857C214304344&#038;ULP=\" quality=\"high\" bgcolor=\"#000000\" width=\"468\" height=\"60\" name=\"halbPreisAktion_468x60_fr\" align=\"middle\" allowScriptAccess=\"sameDomain\" type=\"application\/x-shockwave-flash\" pluginspage=\"http:\/\/www.macromedia.com\/go\/getflashplayer\" \/><\/object> <!-- FIN du code HTML zanox-affiliate --><\/p>\n","protected":false},"author":1,"featured_media":0,"comment_status":"open","ping_status":"closed","sticky":false,"template":"","format":"standard","meta":{"_kad_blocks_custom_css":"","_kad_blocks_head_custom_js":"","_kad_blocks_body_custom_js":"","_kad_blocks_footer_custom_js":"","_kadence_starter_templates_imported_post":false,"_kad_post_transparent":"","_kad_post_title":"","_kad_post_layout":"","_kad_post_sidebar_id":"","_kad_post_content_style":"","_kad_post_vertical_padding":"","_kad_post_feature":"","_kad_post_feature_position":"","_kad_post_header":false,"_kad_post_footer":false,"_kad_post_classname":"","_jetpack_newsletter_access":"","_jetpack_dont_email_post_to_subs":false,"_jetpack_newsletter_tier_id":0,"_jetpack_memberships_contains_paywalled_content":false,"_jetpack_feature_clip_id":0,"_jetpack_memberships_contains_paid_content":false,"footnotes":"","jetpack_post_was_ever_published":false},"categories":[33],"tags":[184,374,682,736,1207],"class_list":["post-176","post","type-post","status-publish","format-standard","hentry","category-telephone","tag-cablecom","tag-fixe","tag-pme","tag-reseau","tag-telephone"],"views":619,"taxonomy_info":{"category":[{"value":33,"label":"T\u00e9l\u00e9phone"}],"post_tag":[{"value":184,"label":"Cablecom"},{"value":374,"label":"fixe"},{"value":682,"label":"PME"},{"value":736,"label":"r\u00e9seau"},{"value":1207,"label":"T\u00e9l\u00e9phone"}]},"featured_image_src_large":false,"author_info":{"display_name":"Achat online suisse","author_link":"https:\/\/achat.suisse-blog.ch\/de\/author\/admin\/"},"comment_info":0,"category_info":[{"term_id":33,"name":"T\u00e9l\u00e9phone","slug":"telephone","term_group":0,"term_taxonomy_id":33,"taxonomy":"category","description":"","parent":440,"count":18,"filter":"raw","cat_ID":33,"category_count":18,"category_description":"","cat_name":"T\u00e9l\u00e9phone","category_nicename":"telephone","category_parent":440}],"tag_info":[{"term_id":184,"name":"Cablecom","slug":"cablecom","term_group":0,"term_taxonomy_id":186,"taxonomy":"post_tag","description":"","parent":0,"count":3,"filter":"raw"},{"term_id":374,"name":"fixe","slug":"fixe","term_group":0,"term_taxonomy_id":382,"taxonomy":"post_tag","description":"","parent":0,"count":3,"filter":"raw"},{"term_id":682,"name":"PME","slug":"pme","term_group":0,"term_taxonomy_id":702,"taxonomy":"post_tag","description":"","parent":0,"count":1,"filter":"raw"},{"term_id":736,"name":"r\u00e9seau","slug":"reseau","term_group":0,"term_taxonomy_id":757,"taxonomy":"post_tag","description":"","parent":0,"count":4,"filter":"raw"},{"term_id":1207,"name":"T\u00e9l\u00e9phone","slug":"telephone","term_group":0,"term_taxonomy_id":897,"taxonomy":"post_tag","description":"","parent":0,"count":19,"filter":"raw"}],"jetpack_sharing_enabled":true,"jetpack_likes_enabled":true,"jetpack-related-posts":[],"jetpack_featured_media_url":"","_links":{"self":[{"href":"https:\/\/achat.suisse-blog.ch\/de\/wp-json\/wp\/v2\/posts\/176","targetHints":{"allow":["GET"]}}],"collection":[{"href":"https:\/\/achat.suisse-blog.ch\/de\/wp-json\/wp\/v2\/posts"}],"about":[{"href":"https:\/\/achat.suisse-blog.ch\/de\/wp-json\/wp\/v2\/types\/post"}],"author":[{"embeddable":true,"href":"https:\/\/achat.suisse-blog.ch\/de\/wp-json\/wp\/v2\/users\/1"}],"replies":[{"embeddable":true,"href":"https:\/\/achat.suisse-blog.ch\/de\/wp-json\/wp\/v2\/comments?post=176"}],"version-history":[{"count":0,"href":"https:\/\/achat.suisse-blog.ch\/de\/wp-json\/wp\/v2\/posts\/176\/revisions"}],"wp:attachment":[{"href":"https:\/\/achat.suisse-blog.ch\/de\/wp-json\/wp\/v2\/media?parent=176"}],"wp:term":[{"taxonomy":"category","embeddable":true,"href":"https:\/\/achat.suisse-blog.ch\/de\/wp-json\/wp\/v2\/categories?post=176"},{"taxonomy":"post_tag","embeddable":true,"href":"https:\/\/achat.suisse-blog.ch\/de\/wp-json\/wp\/v2\/tags?post=176"}],"curies":[{"name":"wp","href":"https:\/\/api.w.org\/{rel}","templated":true}]}}