{"id":192,"date":"2008-07-30T11:23:00","date_gmt":"2008-07-30T11:23:00","guid":{"rendered":"http:\/\/achat.suisse-blog.ch\/?p=191"},"modified":"2008-07-30T11:23:00","modified_gmt":"2008-07-30T11:23:00","slug":"coop-et-migros-vont-repercuter-sur-certains-de-leurs-produits-la-hausse-du-prix-du-lait","status":"publish","type":"post","link":"https:\/\/achat.suisse-blog.ch\/de\/192\/coop-et-migros-vont-repercuter-sur-certains-de-leurs-produits-la-hausse-du-prix-du-lait\/","title":{"rendered":"Coop et Migros vont r\u00e9percuter sur certains de leurs produits la hausse du prix du lait"},"content":{"rendered":"<p><\/p>\n<div>\n<div class=\"openDateAndTime\" style=\"width: 105px;\">\n<div class=\"tiretLine\"><img decoding=\"async\" data-src=\"http:\/\/www.tsr.ch\/common_images\/spacer.gif\" alt=\"\" height=\"1\" width=\"1\" src=\"data:image\/svg+xml;base64,PHN2ZyB3aWR0aD0iMSIgaGVpZ2h0PSIxIiB4bWxucz0iaHR0cDovL3d3dy53My5vcmcvMjAwMC9zdmciPjwvc3ZnPg==\" class=\"lazyload\" style=\"--smush-placeholder-width: 1px; --smush-placeholder-aspect-ratio: 1\/1;\" \/><\/div>\n<\/p><\/div>\n<\/p><\/div>\n<div class=\"openBodyTextA\"> Coop et Migros vont r\u00e9percuter sur certains de leurs produits la hausse du prix du lait obtenue depuis juillet par les producteurs. Cette hausse ne profite qu&rsquo;\u00e0 ceux-ci, selon Coop et Migros. Les 2 distributeurs assurent qu&rsquo;ils n&rsquo;en ont pas profit\u00e9 pour revoir leur marge. Le prix du litre du lait a \u00e9t\u00e9 augment\u00e9 de 6 ct. au d\u00e9but du mois suite \u00e0 la gr\u00e8ve men\u00e9e en juin par 10&rsquo;000 des quelque 27&rsquo;000 producteurs suisses. La plaque de beurre co\u00fbte d\u00e9sormais 20 ct. de plus chez Coop, 15 ct. de plus chez Migros. La hausse d\u00e9pend notamment de la part de lait dans la recette. Les yaourts aux fruits n&rsquo;ont pas augment\u00e9. (SWISS TXT) <\/div>","protected":false},"excerpt":{"rendered":"<p>Coop et Migros vont r\u00e9percuter sur certains de leurs produits la hausse du prix du lait obtenue depuis juillet par les producteurs. Cette hausse ne profite qu&rsquo;\u00e0 ceux-ci, selon Coop et Migros. Les 2 distributeurs assurent qu&rsquo;ils n&rsquo;en ont pas profit\u00e9 pour revoir leur marge. Le prix du litre du lait a \u00e9t\u00e9 augment\u00e9 de&#8230;<\/p>","protected":false},"author":1,"featured_media":0,"comment_status":"open","ping_status":"closed","sticky":false,"template":"","format":"standard","meta":{"_kad_blocks_custom_css":"","_kad_blocks_head_custom_js":"","_kad_blocks_body_custom_js":"","_kad_blocks_footer_custom_js":"","_kadence_starter_templates_imported_post":false,"_kad_post_transparent":"","_kad_post_title":"","_kad_post_layout":"","_kad_post_sidebar_id":"","_kad_post_content_style":"","_kad_post_vertical_padding":"","_kad_post_feature":"","_kad_post_feature_position":"","_kad_post_header":false,"_kad_post_footer":false,"_kad_post_classname":"","_jetpack_newsletter_access":"","_jetpack_dont_email_post_to_subs":false,"_jetpack_newsletter_tier_id":0,"_jetpack_memberships_contains_paywalled_content":false,"_jetpack_feature_clip_id":0,"_jetpack_memberships_contains_paid_content":false,"footnotes":"","jetpack_post_was_ever_published":false},"categories":[983],"tags":[72,1208,432,513,1198,699],"class_list":["post-192","post","type-post","status-publish","format-standard","hentry","category-actualite-entreprise","tag-alimentation","tag-coop-magasin","tag-hausse","tag-lait","tag-migros-magasin","tag-prix"],"views":384,"taxonomy_info":{"category":[{"value":983,"label":"Actualit\u00e9 entreprise"}],"post_tag":[{"value":72,"label":"Alimentation"},{"value":1208,"label":"Coop"},{"value":432,"label":"hausse"},{"value":513,"label":"lait"},{"value":1198,"label":"Migros"},{"value":699,"label":"prix"}]},"featured_image_src_large":false,"author_info":{"display_name":"Achat online suisse","author_link":"https:\/\/achat.suisse-blog.ch\/de\/author\/admin\/"},"comment_info":0,"category_info":[{"term_id":983,"name":"Actualit\u00e9 entreprise","slug":"actualite-entreprise","term_group":0,"term_taxonomy_id":1008,"taxonomy":"category","description":"","parent":3,"count":12,"filter":"raw","cat_ID":983,"category_count":12,"category_description":"","cat_name":"Actualit\u00e9 entreprise","category_nicename":"actualite-entreprise","category_parent":3}],"tag_info":[{"term_id":72,"name":"Alimentation","slug":"alimentation","term_group":0,"term_taxonomy_id":73,"taxonomy":"post_tag","description":"","parent":0,"count":4,"filter":"raw"},{"term_id":1208,"name":"Coop","slug":"coop-magasin","term_group":0,"term_taxonomy_id":261,"taxonomy":"post_tag","description":"","parent":0,"count":9,"filter":"raw"},{"term_id":432,"name":"hausse","slug":"hausse","term_group":0,"term_taxonomy_id":441,"taxonomy":"post_tag","description":"","parent":0,"count":2,"filter":"raw"},{"term_id":513,"name":"lait","slug":"lait","term_group":0,"term_taxonomy_id":526,"taxonomy":"post_tag","description":"","parent":0,"count":1,"filter":"raw"},{"term_id":1198,"name":"Migros","slug":"migros-magasin","term_group":0,"term_taxonomy_id":611,"taxonomy":"post_tag","description":"","parent":0,"count":23,"filter":"raw"},{"term_id":699,"name":"prix","slug":"prix","term_group":0,"term_taxonomy_id":719,"taxonomy":"post_tag","description":"","parent":0,"count":56,"filter":"raw"}],"jetpack_sharing_enabled":true,"jetpack_likes_enabled":true,"jetpack-related-posts":[],"jetpack_featured_media_url":"","_links":{"self":[{"href":"https:\/\/achat.suisse-blog.ch\/de\/wp-json\/wp\/v2\/posts\/192","targetHints":{"allow":["GET"]}}],"collection":[{"href":"https:\/\/achat.suisse-blog.ch\/de\/wp-json\/wp\/v2\/posts"}],"about":[{"href":"https:\/\/achat.suisse-blog.ch\/de\/wp-json\/wp\/v2\/types\/post"}],"author":[{"embeddable":true,"href":"https:\/\/achat.suisse-blog.ch\/de\/wp-json\/wp\/v2\/users\/1"}],"replies":[{"embeddable":true,"href":"https:\/\/achat.suisse-blog.ch\/de\/wp-json\/wp\/v2\/comments?post=192"}],"version-history":[{"count":0,"href":"https:\/\/achat.suisse-blog.ch\/de\/wp-json\/wp\/v2\/posts\/192\/revisions"}],"wp:attachment":[{"href":"https:\/\/achat.suisse-blog.ch\/de\/wp-json\/wp\/v2\/media?parent=192"}],"wp:term":[{"taxonomy":"category","embeddable":true,"href":"https:\/\/achat.suisse-blog.ch\/de\/wp-json\/wp\/v2\/categories?post=192"},{"taxonomy":"post_tag","embeddable":true,"href":"https:\/\/achat.suisse-blog.ch\/de\/wp-json\/wp\/v2\/tags?post=192"}],"curies":[{"name":"wp","href":"https:\/\/api.w.org\/{rel}","templated":true}]}}