{"id":195,"date":"2008-08-02T17:44:00","date_gmt":"2008-08-02T17:44:00","guid":{"rendered":"http:\/\/achat.suisse-blog.ch\/?p=194"},"modified":"2008-08-02T17:44:00","modified_gmt":"2008-08-02T17:44:00","slug":"migros-et-vogele","status":"publish","type":"post","link":"https:\/\/achat.suisse-blog.ch\/de\/195\/migros-et-vogele\/","title":{"rendered":"Migros et V\u00f6gele"},"content":{"rendered":"<h3 id=\"p1\"><span><a href=\"\/index.php\/tag\/Migros\"><br \/><\/a><\/span><\/h3>\n<div class=\"posttext\">\n<div class=\"posttext-decorator1\">\n<div class=\"posttext-decorator2\">\n<div class=\"posttext-decorator2\">\n<p>Migros poss\u00e8de actuellement 5,2% de V\u00f6gele.<\/p>\n<p>Actuellement, chacun fait ses achats de son c\u00f4t\u00e9,&nbsp; mais Migros aimerait pouvoir s&rsquo;allier \u00e0 V\u00f6gele pour pouvoir b\u00e9n\u00e9ficier de meilleures offres sur le march\u00e9 du textile et si V\u00f6gele est d&rsquo;accord, Migros pourrait ainsi augmenter sa participation (\u00e0 10% maximum) dans le capital de V\u00f6gele.<\/p>\n<p>De plus, Migros devrait remplacer cet automne toutes ses marques d&rsquo;habits par une seule: Migros My Style.<\/p>\n<p>Migros vise aussi l&rsquo;Allemagne: d&rsquo;ici 2012, il devrait y avoir 10 nouveaux magasins &#8230;: un magasin va s&rsquo;ouvrir \u00e0 Reutlingen en automne, un contrat de location a \u00e9t\u00e9 sign\u00e9 \u00e0 Ludwigshafen et 2 emplacements sont en n\u00e9gociations \u00e0 Stuttgart.<\/p>\n<p>Migros poss\u00e8de aussi 5% de <a href=\"\/index.php\/tag\/Kuoni\">Kuoni<\/a>.<\/p>\n<p>Source: Cashdaily du 29 juillet.<\/p>\n<p>Mise \u00e0 jour du 30 juillet:<\/p>\n<p>V\u00f6gele est int\u00e9ress\u00e9 par la proposition de Migros.<\/p>\n<p>V\u00f6gele ach\u00e8te actuellement entre 55% et 60% de textiles en Asie du sud-est et le reste en Europe de l&rsquo;est et en Turquie. C&rsquo;est pour une question de d\u00e9lai que le pourcentage asiatique n&rsquo;est pas si \u00e9lev\u00e9, la marchandise ayant besoin de 3 \u00e0 4 semaines pour arriver en Suisse.<\/p>\n<\/p><\/div>\n<\/p><\/div>\n<\/p><\/div>\n<\/p><\/div>","protected":false},"excerpt":{"rendered":"<p>Migros poss\u00e8de actuellement 5,2% de V\u00f6gele. Actuellement, chacun fait ses achats de son c\u00f4t\u00e9,&nbsp; mais Migros aimerait pouvoir s&rsquo;allier \u00e0 V\u00f6gele pour pouvoir b\u00e9n\u00e9ficier de meilleures offres sur le march\u00e9 du textile et si V\u00f6gele est d&rsquo;accord, Migros pourrait ainsi augmenter sa participation (\u00e0 10% maximum) dans le capital de V\u00f6gele. De plus, Migros devrait&#8230;<\/p>","protected":false},"author":1,"featured_media":0,"comment_status":"open","ping_status":"closed","sticky":false,"template":"","format":"standard","meta":{"_kad_blocks_custom_css":"","_kad_blocks_head_custom_js":"","_kad_blocks_body_custom_js":"","_kad_blocks_footer_custom_js":"","_kadence_starter_templates_imported_post":false,"_kad_post_transparent":"","_kad_post_title":"","_kad_post_layout":"","_kad_post_sidebar_id":"","_kad_post_content_style":"","_kad_post_vertical_padding":"","_kad_post_feature":"","_kad_post_feature_position":"","_kad_post_header":false,"_kad_post_footer":false,"_kad_post_classname":"","_jetpack_newsletter_access":"","_jetpack_dont_email_post_to_subs":false,"_jetpack_newsletter_tier_id":0,"_jetpack_memberships_contains_paywalled_content":false,"_jetpack_feature_clip_id":0,"_jetpack_memberships_contains_paid_content":false,"footnotes":"","jetpack_post_was_ever_published":false},"categories":[983],"tags":[1183,229,335,512,1198,838,942],"class_list":["post-195","post","type-post","status-publish","format-standard","hentry","category-actualite-entreprise","tag-achat","tag-commerce","tag-entreprise","tag-kuoni","tag-migros-magasin","tag-suisse","tag-vogele"],"views":1282,"taxonomy_info":{"category":[{"value":983,"label":"Actualit\u00e9 entreprise"}],"post_tag":[{"value":1183,"label":"Commerce"},{"value":229,"label":"commerce"},{"value":335,"label":"entreprise"},{"value":512,"label":"Kuoni"},{"value":1198,"label":"Migros"},{"value":838,"label":"suisse"},{"value":942,"label":"V\u00f6gele"}]},"featured_image_src_large":false,"author_info":{"display_name":"Achat online suisse","author_link":"https:\/\/achat.suisse-blog.ch\/de\/author\/admin\/"},"comment_info":0,"category_info":[{"term_id":983,"name":"Actualit\u00e9 entreprise","slug":"actualite-entreprise","term_group":0,"term_taxonomy_id":1008,"taxonomy":"category","description":"","parent":3,"count":12,"filter":"raw","cat_ID":983,"category_count":12,"category_description":"","cat_name":"Actualit\u00e9 entreprise","category_nicename":"actualite-entreprise","category_parent":3}],"tag_info":[{"term_id":1183,"name":"Commerce","slug":"achat","term_group":0,"term_taxonomy_id":51,"taxonomy":"post_tag","description":"","parent":0,"count":63,"filter":"raw"},{"term_id":229,"name":"commerce","slug":"commerce","term_group":0,"term_taxonomy_id":233,"taxonomy":"post_tag","description":"","parent":0,"count":13,"filter":"raw"},{"term_id":335,"name":"entreprise","slug":"entreprise","term_group":0,"term_taxonomy_id":343,"taxonomy":"post_tag","description":"","parent":0,"count":10,"filter":"raw"},{"term_id":512,"name":"Kuoni","slug":"kuoni","term_group":0,"term_taxonomy_id":525,"taxonomy":"post_tag","description":"","parent":0,"count":5,"filter":"raw"},{"term_id":1198,"name":"Migros","slug":"migros-magasin","term_group":0,"term_taxonomy_id":611,"taxonomy":"post_tag","description":"","parent":0,"count":23,"filter":"raw"},{"term_id":838,"name":"suisse","slug":"suisse","term_group":0,"term_taxonomy_id":862,"taxonomy":"post_tag","description":"","parent":0,"count":60,"filter":"raw"},{"term_id":942,"name":"V\u00f6gele","slug":"vogele","term_group":0,"term_taxonomy_id":967,"taxonomy":"post_tag","description":"","parent":0,"count":1,"filter":"raw"}],"jetpack_sharing_enabled":true,"jetpack_likes_enabled":true,"jetpack-related-posts":[],"jetpack_featured_media_url":"","_links":{"self":[{"href":"https:\/\/achat.suisse-blog.ch\/de\/wp-json\/wp\/v2\/posts\/195","targetHints":{"allow":["GET"]}}],"collection":[{"href":"https:\/\/achat.suisse-blog.ch\/de\/wp-json\/wp\/v2\/posts"}],"about":[{"href":"https:\/\/achat.suisse-blog.ch\/de\/wp-json\/wp\/v2\/types\/post"}],"author":[{"embeddable":true,"href":"https:\/\/achat.suisse-blog.ch\/de\/wp-json\/wp\/v2\/users\/1"}],"replies":[{"embeddable":true,"href":"https:\/\/achat.suisse-blog.ch\/de\/wp-json\/wp\/v2\/comments?post=195"}],"version-history":[{"count":0,"href":"https:\/\/achat.suisse-blog.ch\/de\/wp-json\/wp\/v2\/posts\/195\/revisions"}],"wp:attachment":[{"href":"https:\/\/achat.suisse-blog.ch\/de\/wp-json\/wp\/v2\/media?parent=195"}],"wp:term":[{"taxonomy":"category","embeddable":true,"href":"https:\/\/achat.suisse-blog.ch\/de\/wp-json\/wp\/v2\/categories?post=195"},{"taxonomy":"post_tag","embeddable":true,"href":"https:\/\/achat.suisse-blog.ch\/de\/wp-json\/wp\/v2\/tags?post=195"}],"curies":[{"name":"wp","href":"https:\/\/api.w.org\/{rel}","templated":true}]}}