{"id":196,"date":"2008-08-02T17:46:00","date_gmt":"2008-08-02T17:46:00","guid":{"rendered":"http:\/\/achat.suisse-blog.ch\/?p=195"},"modified":"2008-08-02T17:46:00","modified_gmt":"2008-08-02T17:46:00","slug":"migros-etend-son-assortiment-heidi","status":"publish","type":"post","link":"https:\/\/achat.suisse-blog.ch\/de\/196\/migros-etend-son-assortiment-heidi\/","title":{"rendered":"Migros \u00e9tend son assortiment Heidi"},"content":{"rendered":"<h1 class=\"story_title\" id=\"st_story_title\" style=\"\"><a href=\"\/index.php\/tag\/Migros\"><br \/><\/a><\/h1>\n<p>&nbsp;&nbsp;&nbsp;&nbsp;<a href=\"\/index.php\/tag\/Z%C3%BCrich\">Z\u00fcrich<\/a> (ots) &#8211; La gamme de produits Heidi en vogue aupr\u00e8s de la client\u00e8le conna\u00eet un nouveau d\u00e9veloppement. Outre des produits laitiers, elle comprend d\u00e9sormais des sp\u00e9cialit\u00e9s carn\u00e9es de nos r\u00e9gions de montagne. D\u00e8s lundi 4 ao\u00fbt 2008, de nouveaux articles tels que la \u00abViande s\u00e9ch\u00e9e de montagne\u00bb ou le \u00abJambon cru de la grange\u00bb seront disponibles dans les magasins Migros.<\/p>\n<p>&nbsp;&nbsp;&nbsp;&nbsp;A Migros, Heidi est synonyme de denr\u00e9es saines et naturelles d&rsquo;origine suisse et produites en r\u00e9gion de montagne. Depuis le printemps 2004, du lait, de la cr\u00e8me, du m\u00fcesli, des yogourts et du fromage produits \u00e0 partir de lait des r\u00e9gions de montagne connaissent une grande faveur aupr\u00e8s de la client\u00e8le. Cette derni\u00e8re appr\u00e9cie ces produits de haute qualit\u00e9 nutritive, reconnaissables aux dessins tr\u00e8s color\u00e9s de l&rsquo;artiste Tomi Ungerer illustrant leur emballage.<\/p>\n<p>&nbsp;&nbsp;&nbsp;&nbsp;Migros entend offrir d\u00e9sormais un choix de produits encore plus large aux fans de la marque Heidi en incluant dans l&rsquo;assortiment diverses vari\u00e9t\u00e9s de viande s\u00e9ch\u00e9e. Il s&rsquo;agit de porc et de boeuf suisses produits en r\u00e9gion de montagne. Leur mise en valeur est effectu\u00e9e \u00e9galement en altitude.<\/p>\n<p>&nbsp;&nbsp;&nbsp;&nbsp;Ainsi, les consommateurs trouveront les produits carn\u00e9s suivants dans les magasins Migros: \u00abViande s\u00e9ch\u00e9e de montagne\u00bb, \u00abJambon cru de la grange\u00bb, \u00abLard cru des Alpes\u00bb, \u00abSalsiz montagnard\u00bb, \u00abAssiette du montagnard\u00bb et \u00abViande s\u00e9ch\u00e9e de l&rsquo;armailli\u00bb. Ces sp\u00e9cialit\u00e9s de viande sont produites exclusivement avec du Sel des Alpes extrait des Salines de Bex, dans le canton de Vaud.<\/p>","protected":false},"excerpt":{"rendered":"<p>&nbsp;&nbsp;&nbsp;&nbsp;Z\u00fcrich (ots) &#8211; La gamme de produits Heidi en vogue aupr\u00e8s de la client\u00e8le conna\u00eet un nouveau d\u00e9veloppement. Outre des produits laitiers, elle comprend d\u00e9sormais des sp\u00e9cialit\u00e9s carn\u00e9es de nos r\u00e9gions de montagne. D\u00e8s lundi 4 ao\u00fbt 2008, de nouveaux articles tels que la \u00abViande s\u00e9ch\u00e9e de montagne\u00bb ou le \u00abJambon cru de la grange\u00bb&#8230;<\/p>","protected":false},"author":1,"featured_media":0,"comment_status":"open","ping_status":"closed","sticky":false,"template":"","format":"standard","meta":{"_kad_blocks_custom_css":"","_kad_blocks_head_custom_js":"","_kad_blocks_body_custom_js":"","_kad_blocks_footer_custom_js":"","_kadence_starter_templates_imported_post":false,"_kad_post_transparent":"","_kad_post_title":"","_kad_post_layout":"","_kad_post_sidebar_id":"","_kad_post_content_style":"","_kad_post_vertical_padding":"","_kad_post_feature":"","_kad_post_feature_position":"","_kad_post_header":false,"_kad_post_footer":false,"_kad_post_classname":"","_jetpack_newsletter_access":"","_jetpack_dont_email_post_to_subs":false,"_jetpack_newsletter_tier_id":0,"_jetpack_memberships_contains_paywalled_content":false,"_jetpack_feature_clip_id":0,"_jetpack_memberships_contains_paid_content":false,"footnotes":"","jetpack_post_was_ever_published":false},"categories":[983],"tags":[229,335,1198,980],"class_list":["post-196","post","type-post","status-publish","format-standard","hentry","category-actualite-entreprise","tag-commerce","tag-entreprise","tag-migros-magasin","tag-zurich"],"views":284,"taxonomy_info":{"category":[{"value":983,"label":"Actualit\u00e9 entreprise"}],"post_tag":[{"value":229,"label":"commerce"},{"value":335,"label":"entreprise"},{"value":1198,"label":"Migros"},{"value":980,"label":"Zurich"}]},"featured_image_src_large":false,"author_info":{"display_name":"Achat online suisse","author_link":"https:\/\/achat.suisse-blog.ch\/de\/author\/admin\/"},"comment_info":0,"category_info":[{"term_id":983,"name":"Actualit\u00e9 entreprise","slug":"actualite-entreprise","term_group":0,"term_taxonomy_id":1008,"taxonomy":"category","description":"","parent":3,"count":12,"filter":"raw","cat_ID":983,"category_count":12,"category_description":"","cat_name":"Actualit\u00e9 entreprise","category_nicename":"actualite-entreprise","category_parent":3}],"tag_info":[{"term_id":229,"name":"commerce","slug":"commerce","term_group":0,"term_taxonomy_id":233,"taxonomy":"post_tag","description":"","parent":0,"count":13,"filter":"raw"},{"term_id":335,"name":"entreprise","slug":"entreprise","term_group":0,"term_taxonomy_id":343,"taxonomy":"post_tag","description":"","parent":0,"count":10,"filter":"raw"},{"term_id":1198,"name":"Migros","slug":"migros-magasin","term_group":0,"term_taxonomy_id":611,"taxonomy":"post_tag","description":"","parent":0,"count":23,"filter":"raw"},{"term_id":980,"name":"Zurich","slug":"zurich","term_group":0,"term_taxonomy_id":1005,"taxonomy":"post_tag","description":"","parent":0,"count":19,"filter":"raw"}],"jetpack_sharing_enabled":true,"jetpack_likes_enabled":true,"jetpack-related-posts":[],"jetpack_featured_media_url":"","_links":{"self":[{"href":"https:\/\/achat.suisse-blog.ch\/de\/wp-json\/wp\/v2\/posts\/196","targetHints":{"allow":["GET"]}}],"collection":[{"href":"https:\/\/achat.suisse-blog.ch\/de\/wp-json\/wp\/v2\/posts"}],"about":[{"href":"https:\/\/achat.suisse-blog.ch\/de\/wp-json\/wp\/v2\/types\/post"}],"author":[{"embeddable":true,"href":"https:\/\/achat.suisse-blog.ch\/de\/wp-json\/wp\/v2\/users\/1"}],"replies":[{"embeddable":true,"href":"https:\/\/achat.suisse-blog.ch\/de\/wp-json\/wp\/v2\/comments?post=196"}],"version-history":[{"count":0,"href":"https:\/\/achat.suisse-blog.ch\/de\/wp-json\/wp\/v2\/posts\/196\/revisions"}],"wp:attachment":[{"href":"https:\/\/achat.suisse-blog.ch\/de\/wp-json\/wp\/v2\/media?parent=196"}],"wp:term":[{"taxonomy":"category","embeddable":true,"href":"https:\/\/achat.suisse-blog.ch\/de\/wp-json\/wp\/v2\/categories?post=196"},{"taxonomy":"post_tag","embeddable":true,"href":"https:\/\/achat.suisse-blog.ch\/de\/wp-json\/wp\/v2\/tags?post=196"}],"curies":[{"name":"wp","href":"https:\/\/api.w.org\/{rel}","templated":true}]}}