{"id":198,"date":"2008-08-02T17:49:00","date_gmt":"2008-08-02T17:49:00","guid":{"rendered":"http:\/\/achat.suisse-blog.ch\/?p=197"},"modified":"2008-08-02T17:49:00","modified_gmt":"2008-08-02T17:49:00","slug":"le-chiffre-daffaires-de-migros-en-hausse-de-5-au-1er-semestre","status":"publish","type":"post","link":"https:\/\/achat.suisse-blog.ch\/de\/198\/le-chiffre-daffaires-de-migros-en-hausse-de-5-au-1er-semestre\/","title":{"rendered":"Le chiffre d&rsquo;affaires de Migros en hausse de 5% au 1er semestre"},"content":{"rendered":"<p><span class=\"newsDetailTitre\"><br \/><\/span><\/p>\n<p> <span style=\"text-align: justify;\" id=\"txt_news\"><\/p>\n<p><strong>Migros a accru son chiffre d&rsquo;affaires de pr\u00e8s de 5% au premier semestre dans le commerce de d\u00e9tail. Son patron affirme que le g\u00e9ant orange ne ressent pour l&rsquo;heure pas les effets de la pouss\u00e9e d&rsquo;inflation et du ralentissement conjoncturel.<\/strong><\/p>\n<p>\u00ab\u00a0Le premier semestre s&rsquo;est r\u00e9v\u00e9l\u00e9 excellent et bien meilleur que ce que nous avions pr\u00e9vu\u00a0\u00bb, indique Herbert Bolliger dans une interview accord\u00e9e \u00e0 l&rsquo;hebdomadaire al\u00e9manique \u00ab\u00a0Sonntag\u00a0\u00bb. La croissance de 5% se rapporte \u00e0 la seule performance des coop\u00e9ratives Migros.<\/p>\n<p>La situation s&rsquo;explique cependant aussi par la hausse des prix: ceux-ci ont augment\u00e9 en moyenne de 1% dans tous les assortiments. Plus forte encore est la hausse du chiffre d&rsquo;affaires des filiales <a href=\"\/index.php\/tag\/Denner\">Denner<\/a> de Migros, qui a augment\u00e9 de 7-8%. Les ventes des grands magasins <a href=\"\/index.php\/tag\/Globus\">Globus<\/a> ont quant \u00e0 elles grimp\u00e9 de pr\u00e8s de 5%.<\/p>\n<p>Semester exceptionnel mais \u00e9ph\u00e9m\u00e8re car les effets de la crise financi\u00e8re vont se faire ressentir.<\/p>\n<p>Pour l&rsquo;ensemble de 2008, Herbert Bolliger table sur une augmentation de 3% du chiffre d&rsquo;affaires des coop\u00e9ratives. Globalalement, le groupe devrait conna\u00eetre \u00ab\u00a0une croissance nettement sup\u00e9rieure \u00e0 10%, avant tout gr\u00e2ce \u00e0 l&rsquo;acquisition de 70% de Denner.\u00a0\u00bb<\/p>\n<p> <\/span><\/p>","protected":false},"excerpt":{"rendered":"<p>Migros a accru son chiffre d&rsquo;affaires de pr\u00e8s de 5% au premier semestre dans le commerce de d\u00e9tail. Son patron affirme que le g\u00e9ant orange ne ressent pour l&rsquo;heure pas les effets de la pouss\u00e9e d&rsquo;inflation et du ralentissement conjoncturel. \u00ab\u00a0Le premier semestre s&rsquo;est r\u00e9v\u00e9l\u00e9 excellent et bien meilleur que ce que nous avions pr\u00e9vu\u00a0\u00bb,&#8230;<\/p>","protected":false},"author":1,"featured_media":0,"comment_status":"open","ping_status":"closed","sticky":false,"template":"","format":"standard","meta":{"_kad_blocks_custom_css":"","_kad_blocks_head_custom_js":"","_kad_blocks_body_custom_js":"","_kad_blocks_footer_custom_js":"","_kadence_starter_templates_imported_post":false,"_kad_post_transparent":"","_kad_post_title":"","_kad_post_layout":"","_kad_post_sidebar_id":"","_kad_post_content_style":"","_kad_post_vertical_padding":"","_kad_post_feature":"","_kad_post_feature_position":"","_kad_post_header":false,"_kad_post_footer":false,"_kad_post_classname":"","_jetpack_newsletter_access":"","_jetpack_dont_email_post_to_subs":false,"_jetpack_newsletter_tier_id":0,"_jetpack_memberships_contains_paywalled_content":false,"_jetpack_feature_clip_id":0,"_jetpack_memberships_contains_paid_content":false,"footnotes":"","jetpack_post_was_ever_published":false},"categories":[983],"tags":[214,279,335,413,1198],"class_list":["post-198","post","type-post","status-publish","format-standard","hentry","category-actualite-entreprise","tag-chiffre-daffaires","tag-denner","tag-entreprise","tag-globus","tag-migros-magasin"],"views":301,"taxonomy_info":{"category":[{"value":983,"label":"Actualit\u00e9 entreprise"}],"post_tag":[{"value":214,"label":"chiffre daffaires"},{"value":279,"label":"Denner"},{"value":335,"label":"entreprise"},{"value":413,"label":"Globus"},{"value":1198,"label":"Migros"}]},"featured_image_src_large":false,"author_info":{"display_name":"Achat online suisse","author_link":"https:\/\/achat.suisse-blog.ch\/de\/author\/admin\/"},"comment_info":0,"category_info":[{"term_id":983,"name":"Actualit\u00e9 entreprise","slug":"actualite-entreprise","term_group":0,"term_taxonomy_id":1008,"taxonomy":"category","description":"","parent":3,"count":12,"filter":"raw","cat_ID":983,"category_count":12,"category_description":"","cat_name":"Actualit\u00e9 entreprise","category_nicename":"actualite-entreprise","category_parent":3}],"tag_info":[{"term_id":214,"name":"chiffre daffaires","slug":"chiffre-daffaires","term_group":0,"term_taxonomy_id":218,"taxonomy":"post_tag","description":"","parent":0,"count":6,"filter":"raw"},{"term_id":279,"name":"Denner","slug":"denner","term_group":0,"term_taxonomy_id":285,"taxonomy":"post_tag","description":"","parent":0,"count":1,"filter":"raw"},{"term_id":335,"name":"entreprise","slug":"entreprise","term_group":0,"term_taxonomy_id":343,"taxonomy":"post_tag","description":"","parent":0,"count":10,"filter":"raw"},{"term_id":413,"name":"Globus","slug":"globus","term_group":0,"term_taxonomy_id":422,"taxonomy":"post_tag","description":"","parent":0,"count":1,"filter":"raw"},{"term_id":1198,"name":"Migros","slug":"migros-magasin","term_group":0,"term_taxonomy_id":611,"taxonomy":"post_tag","description":"","parent":0,"count":23,"filter":"raw"}],"jetpack_sharing_enabled":true,"jetpack_likes_enabled":true,"jetpack-related-posts":[],"jetpack_featured_media_url":"","_links":{"self":[{"href":"https:\/\/achat.suisse-blog.ch\/de\/wp-json\/wp\/v2\/posts\/198","targetHints":{"allow":["GET"]}}],"collection":[{"href":"https:\/\/achat.suisse-blog.ch\/de\/wp-json\/wp\/v2\/posts"}],"about":[{"href":"https:\/\/achat.suisse-blog.ch\/de\/wp-json\/wp\/v2\/types\/post"}],"author":[{"embeddable":true,"href":"https:\/\/achat.suisse-blog.ch\/de\/wp-json\/wp\/v2\/users\/1"}],"replies":[{"embeddable":true,"href":"https:\/\/achat.suisse-blog.ch\/de\/wp-json\/wp\/v2\/comments?post=198"}],"version-history":[{"count":0,"href":"https:\/\/achat.suisse-blog.ch\/de\/wp-json\/wp\/v2\/posts\/198\/revisions"}],"wp:attachment":[{"href":"https:\/\/achat.suisse-blog.ch\/de\/wp-json\/wp\/v2\/media?parent=198"}],"wp:term":[{"taxonomy":"category","embeddable":true,"href":"https:\/\/achat.suisse-blog.ch\/de\/wp-json\/wp\/v2\/categories?post=198"},{"taxonomy":"post_tag","embeddable":true,"href":"https:\/\/achat.suisse-blog.ch\/de\/wp-json\/wp\/v2\/tags?post=198"}],"curies":[{"name":"wp","href":"https:\/\/api.w.org\/{rel}","templated":true}]}}