{"id":390,"date":"2009-03-20T16:41:33","date_gmt":"2009-03-20T21:41:33","guid":{"rendered":"http:\/\/achat.suisse-blog.ch\/?p=390"},"modified":"2009-05-12T16:49:34","modified_gmt":"2009-05-12T14:49:34","slug":"top-d-evaluation","status":"publish","type":"post","link":"https:\/\/achat.suisse-blog.ch\/de\/390\/top-d-evaluation\/","title":{"rendered":"TOP-D \u00e9valuation"},"content":{"rendered":"<p><a href=\"http:\/\/achat.suisse-blog.ch\/wp-content\/uploads\/2009\/03\/topd.jpg\"><img decoding=\"async\" class=\"size-medium wp-image-446 alignleft lazyload\" title=\"topd\" data-src=\"http:\/\/achat.suisse-blog.ch\/wp-content\/uploads\/2009\/03\/topd-300x211.jpg\" alt=\"topd\" width=\"240\" height=\"169\" data-srcset=\"https:\/\/achat.suisse-blog.ch\/wp-content\/uploads\/2009\/03\/topd-300x211.jpg 300w, https:\/\/achat.suisse-blog.ch\/wp-content\/uploads\/2009\/03\/topd-1024x720.jpg 1024w\" data-sizes=\"(max-width: 240px) 100vw, 240px\" src=\"data:image\/svg+xml;base64,PHN2ZyB3aWR0aD0iMSIgaGVpZ2h0PSIxIiB4bWxucz0iaHR0cDovL3d3dy53My5vcmcvMjAwMC9zdmciPjwvc3ZnPg==\" style=\"--smush-placeholder-width: 240px; --smush-placeholder-aspect-ratio: 240\/169;\" \/><\/a><\/p>\n<p>Top-D est un magasin d&rsquo;informatique bas\u00e9 \u00e0 Bienne avec des succursales \u00e0 Marin (Neuch\u00e2tel) et Lausanne. Leur prix\u00a0 sont vraiment interessant pour l&rsquo;achat de PC de bureau et portable mont\u00e9 mais en ce qui concerne les capacit\u00e9 des employ\u00e9s je suis un peu plus mitig\u00e9. Il y a 1 an environ, je me suis achet\u00e9 un ordinateur portable (ASUS) et jai demand\u00e9 au vendeur quelque info sur windows vista que je connaissais peu, j&rsquo;\u00e9tais mitig\u00e9 avec ce que j&rsquo;avais entendu sur le syst\u00e8me d&rsquo;exploitation, hors le vendeur m&rsquo;a vant\u00e9 les avanatges de Vista qui ses ont av\u00e9r\u00e9e totalement faux avec l&rsquo;utilisation. C&rsquo;est a se demand\u00e9 si les vendeurs avait le devoir de vant\u00e9 le syst\u00e8me vis-\u00e0-vis de leur contrat avec microsoft. Enfin bref&#8230; le service client n&rsquo;est pas n&rsquo;ont plus super j&rsquo;ai un amis qui a eu des ennuis \u00e0 r\u00e9p\u00e9tition avec un ordinateur de bureau mont\u00e9 par TOP-D.<\/p>\n<p>Top-D a \u00e9t\u00e9 racheter par STEG computer.. on verra si c&rsquo;est pour un mieux ou pour le pire&#8230; affaire \u00e0 suivre&#8230; la succursale de Marin est en travaux de r\u00e9novation et adaptation jusqu&rsquo;au 15 mai 2009.<\/p>","protected":false},"excerpt":{"rendered":"<p>Top-D est un magasin d&rsquo;informatique bas\u00e9 \u00e0 Bienne avec des succursales \u00e0 Marin (Neuch\u00e2tel) et Lausanne. Leur prix\u00a0 sont vraiment interessant pour l&rsquo;achat de PC de bureau et portable mont\u00e9 mais en ce qui concerne les capacit\u00e9 des employ\u00e9s je suis un peu plus mitig\u00e9. Il y a 1 an environ, je me suis achet\u00e9&#8230;<\/p>","protected":false},"author":1,"featured_media":0,"comment_status":"open","ping_status":"open","sticky":false,"template":"","format":"standard","meta":{"_kad_blocks_custom_css":"","_kad_blocks_head_custom_js":"","_kad_blocks_body_custom_js":"","_kad_blocks_footer_custom_js":"","_kadence_starter_templates_imported_post":false,"_kad_post_transparent":"","_kad_post_title":"","_kad_post_layout":"","_kad_post_sidebar_id":"","_kad_post_content_style":"","_kad_post_vertical_padding":"","_kad_post_feature":"","_kad_post_feature_position":"","_kad_post_header":false,"_kad_post_footer":false,"_kad_post_classname":"","_jetpack_newsletter_access":"","_jetpack_dont_email_post_to_subs":false,"_jetpack_newsletter_tier_id":0,"_jetpack_memberships_contains_paywalled_content":false,"_jetpack_feature_clip_id":0,"_jetpack_memberships_contains_paid_content":false,"footnotes":"","jetpack_post_was_ever_published":false},"categories":[17,20],"tags":[139,519,1196,622,1201,891],"class_list":["post-390","post","type-post","status-publish","format-standard","hentry","category-informatique","category-magasin","tag-bienne","tag-lausanne","tag-magasin","tag-neuchatel","tag-ordinateur","tag-top-d"],"views":5105,"taxonomy_info":{"category":[{"value":17,"label":"Informatique"},{"value":20,"label":"Magasin"}],"post_tag":[{"value":139,"label":"Bienne"},{"value":519,"label":"Lausanne"},{"value":1196,"label":"Magasin"},{"value":622,"label":"Neuch\u00e2tel"},{"value":1201,"label":"Ordinateur"},{"value":891,"label":"top-d"}]},"featured_image_src_large":false,"author_info":{"display_name":"Achat online suisse","author_link":"https:\/\/achat.suisse-blog.ch\/de\/author\/admin\/"},"comment_info":0,"category_info":[{"term_id":17,"name":"Informatique","slug":"informatique","term_group":0,"term_taxonomy_id":17,"taxonomy":"category","description":"","parent":440,"count":17,"filter":"raw","cat_ID":17,"category_count":17,"category_description":"","cat_name":"Informatique","category_nicename":"informatique","category_parent":440},{"term_id":20,"name":"Magasin","slug":"magasin","term_group":0,"term_taxonomy_id":20,"taxonomy":"category","description":"","parent":0,"count":6,"filter":"raw","cat_ID":20,"category_count":6,"category_description":"","cat_name":"Magasin","category_nicename":"magasin","category_parent":0}],"tag_info":[{"term_id":139,"name":"Bienne","slug":"bienne","term_group":0,"term_taxonomy_id":140,"taxonomy":"post_tag","description":"","parent":0,"count":4,"filter":"raw"},{"term_id":519,"name":"Lausanne","slug":"lausanne","term_group":0,"term_taxonomy_id":532,"taxonomy":"post_tag","description":"","parent":0,"count":8,"filter":"raw"},{"term_id":1196,"name":"Magasin","slug":"magasin","term_group":0,"term_taxonomy_id":576,"taxonomy":"post_tag","description":"","parent":0,"count":10,"filter":"raw"},{"term_id":622,"name":"Neuch\u00e2tel","slug":"neuchatel","term_group":0,"term_taxonomy_id":640,"taxonomy":"post_tag","description":"","parent":0,"count":9,"filter":"raw"},{"term_id":1201,"name":"Ordinateur","slug":"ordinateur","term_group":0,"term_taxonomy_id":667,"taxonomy":"post_tag","description":"","parent":0,"count":20,"filter":"raw"},{"term_id":891,"name":"top-d","slug":"top-d","term_group":0,"term_taxonomy_id":916,"taxonomy":"post_tag","description":"","parent":0,"count":2,"filter":"raw"}],"jetpack_sharing_enabled":true,"jetpack_likes_enabled":true,"jetpack-related-posts":[],"jetpack_featured_media_url":"","_links":{"self":[{"href":"https:\/\/achat.suisse-blog.ch\/de\/wp-json\/wp\/v2\/posts\/390","targetHints":{"allow":["GET"]}}],"collection":[{"href":"https:\/\/achat.suisse-blog.ch\/de\/wp-json\/wp\/v2\/posts"}],"about":[{"href":"https:\/\/achat.suisse-blog.ch\/de\/wp-json\/wp\/v2\/types\/post"}],"author":[{"embeddable":true,"href":"https:\/\/achat.suisse-blog.ch\/de\/wp-json\/wp\/v2\/users\/1"}],"replies":[{"embeddable":true,"href":"https:\/\/achat.suisse-blog.ch\/de\/wp-json\/wp\/v2\/comments?post=390"}],"version-history":[{"count":3,"href":"https:\/\/achat.suisse-blog.ch\/de\/wp-json\/wp\/v2\/posts\/390\/revisions"}],"predecessor-version":[{"id":439,"href":"https:\/\/achat.suisse-blog.ch\/de\/wp-json\/wp\/v2\/posts\/390\/revisions\/439"}],"wp:attachment":[{"href":"https:\/\/achat.suisse-blog.ch\/de\/wp-json\/wp\/v2\/media?parent=390"}],"wp:term":[{"taxonomy":"category","embeddable":true,"href":"https:\/\/achat.suisse-blog.ch\/de\/wp-json\/wp\/v2\/categories?post=390"},{"taxonomy":"post_tag","embeddable":true,"href":"https:\/\/achat.suisse-blog.ch\/de\/wp-json\/wp\/v2\/tags?post=390"}],"curies":[{"name":"wp","href":"https:\/\/api.w.org\/{rel}","templated":true}]}}