{"id":498,"date":"2009-05-22T02:28:23","date_gmt":"2009-05-22T00:28:23","guid":{"rendered":"http:\/\/achat.suisse-blog.ch\/?p=498"},"modified":"2009-05-26T02:57:10","modified_gmt":"2009-05-26T00:57:10","slug":"appareils-photos-numeriques","status":"publish","type":"post","link":"https:\/\/achat.suisse-blog.ch\/de\/498\/appareils-photos-numeriques\/","title":{"rendered":"Appareils photos num\u00e9riques"},"content":{"rendered":"<p>L&rsquo;achat d&rsquo;un appareil photo num\u00e9rique est de plus en plus \u00e0 la mode, mais pour monsieur ou madame tout le monde dans la jungle des mod\u00e8les et caract\u00e9ristiques il y a de quoi se perdre&#8230; Voici quelques informations et conseils<\/p>\n<p><strong>Mon historique avec les appareils num\u00e9riques<\/strong><br \/>\nJ&rsquo;utilise la photographie num\u00e9rique depuis 1999 et les premiers appareils photo compact accessible au tout puiblic. C&rsquo;\u00e9tait un mod\u00e8le Sony 2 millions de pixels avec un objectif amovible. Il m&rsquo;avait co\u00fbt\u00e9 1200.- avec en plus env. 150.- pour un meme<\/p>\n<p>L&rsquo;achat d&rsquo;un appareil photo num\u00e9rique est de plus en plus \u00e0 la mode, mais pour monsieur ou madame tout le monde dans la jungle des mod\u00e8les et caract\u00e9ristiques il y a de quoi se perdre&#8230; Voici quelques informations et conseils<\/p>\n<p><strong>Mon historique avec les appareils num\u00e9riques<\/strong><br \/>\nJ&rsquo;utilise la photographie num\u00e9rique depuis 1999 et les premiers appareils photo compact accessible au tout puiblic. C&rsquo;\u00e9tait un mod\u00e8le Sony 2 millions de pixels avec un objectif amovible. Il m&rsquo;avait co\u00fbt\u00e9 1200.- avec en plus env. 150.- pour un memorystick de 64mo. Les prix paraissent exhorbitant mais je les avais disctuer avec le vendeur (magasin \u00ab\u00a0Portable Shop\u00a0\u00bb rachet\u00e9 ensuite par Fust) et \u00e9tait avantageux pour l&rsquo;\u00e9poque.<\/p>\n<p>C&rsquo;\u00e9tait le r\u00eave pour le jeune passionn\u00e9 d&rsquo;informatique que j&rsquo;\u00e9tais, inutile de dire que j&rsquo;ai remplit plusieurs disques durs avec des clich\u00e9s et petites vid\u00e9os (dur\u00e9e max de 15 sec.), la gratuit\u00e9 donnait la \u00ab\u00a0g\u00e2chette\u00a0\u00bb facile.<\/p>\n<p>L&rsquo;appareil photo a tenu le coup 2 ans, le mod\u00e8le suivant fut un Sony 4 millions de pixels dont je ne rappelle plus exactement le prix (env. 800.-). En parall\u00e8le j&rsquo;avais acheter un autre appareil Sony d&rsquo;occasion avex uniquement 1.3 pixel mais plus de possibilit\u00e9s de r\u00e9glages et d&rsquo;options pour faire des photos.<\/p>\n<p>En 2005, avec la deuxi\u00e8me g\u00e9n\u00e9ration des appareils reflexes num\u00e9rique tout public non-professionnel, je me suis offert un <a title=\"Canon EOS 350d\" href=\"http:\/\/www.canon.fr\/For_Home\/Product_Finder\/Cameras\/Digital_SLR\/EOS_350C\/\" target=\"_blank\" rel=\"noopener\">Canon EOS 350d<\/a> pour 1200.- CHF. La premi\u00e8re g\u00e9n\u00e9ration (300d) \u00e9tait encore cher et avec quelques d\u00e9fauts en ce qui concerne la vitesse et la qualit\u00e9.<\/p>\n<p>Bref je suis l&rsquo;\u00e9volution des technologies des appareils phtoos num\u00e9rique depuis 9 ans.<\/p>\n<p><strong>Conseil d&rsquo;achat en fonction de vos besoins<\/strong><\/p>\n<p><strong>Compacts vs. Reflexes<\/strong><\/p>\n<p><a href=\"http:\/\/achat.suisse-blog.ch\/wp-content\/uploads\/2009\/05\/ixus-990.jpg\"><img decoding=\"async\" class=\"alignnone size-full wp-image-500 lazyload\" title=\"canon ixus 990\" data-src=\"http:\/\/achat.suisse-blog.ch\/wp-content\/uploads\/2009\/05\/ixus-990.jpg\" alt=\"canon ixus 990\" width=\"180\" height=\"141\" src=\"data:image\/svg+xml;base64,PHN2ZyB3aWR0aD0iMSIgaGVpZ2h0PSIxIiB4bWxucz0iaHR0cDovL3d3dy53My5vcmcvMjAwMC9zdmciPjwvc3ZnPg==\" style=\"--smush-placeholder-width: 180px; --smush-placeholder-aspect-ratio: 180\/141;\" \/><\/a>vs<strong><a href=\"http:\/\/achat.suisse-blog.ch\/wp-content\/uploads\/2009\/05\/canon-450d.jpg\"><img decoding=\"async\" class=\"alignnone size-full wp-image-499 lazyload\" title=\"canon-450d\" data-src=\"http:\/\/achat.suisse-blog.ch\/wp-content\/uploads\/2009\/05\/canon-450d.jpg\" alt=\"canon-450d\" width=\"199\" height=\"133\" src=\"data:image\/svg+xml;base64,PHN2ZyB3aWR0aD0iMSIgaGVpZ2h0PSIxIiB4bWxucz0iaHR0cDovL3d3dy53My5vcmcvMjAwMC9zdmciPjwvc3ZnPg==\" style=\"--smush-placeholder-width: 199px; --smush-placeholder-aspect-ratio: 199\/133;\" \/><\/a> <\/strong><\/p>\n<p><strong>Exemples: <\/strong>(photos ci-dessus) appareil compact Canon Ixus 990<strong> <\/strong>et appareil r\u00e9flexe Canon 450d<\/p>\n<p>Principales diff\u00e9rences entre les diff\u00e9rents type de mod\u00e8les<\/p>\n<p><span style=\"font-size: large;\">Compact: <\/span><\/p>\n<ul>\n<li> Petite taille,\u00a0 facile \u00e0 transporter<\/li>\n<li> Pas forc\u00e9ment de viseur (parfois en option sur certain mod\u00e8les), prise de vue par \u00e9cran interpos\u00e9<\/li>\n<li> Grandes diff\u00e9rences de qualit\u00e9s en fonction des marques et des mod\u00e8les (bonne \u00e0 m\u00e9diocre)<\/li>\n<li> Zoom optique actuellement env. 10x<\/li>\n<li> Pas de choix d&rsquo;objectif (non interchangeable)<\/li>\n<li>D\u00e9lais pour la prise de vue assez important (varie en fonction des mod\u00e8les)<\/li>\n<li>Mode vid\u00e9o (HD pour les derniers mod\u00e8les)<\/li>\n<\/ul>\n<p><span style=\"font-size: large;\">R\u00e9flexe<\/span><\/p>\n<ul>\n<li>Photographie au travers du viseur<\/li>\n<li>Boitier plus imposant plastique ou m\u00e9tallique (moins pratique, besoin d&rsquo;une sacoche) avec un objectif qui d\u00e9passe et qui est amovible (possibilit\u00e9 de changer d&rsquo;objectif, zoom, macro&#8230;)<\/li>\n<li>Rapide tr\u00e8s bonne r\u00e9activit\u00e9 pour capter l&rsquo;instant cl\u00e9<\/li>\n<li>Mode manuel complet (r\u00e9glage ouverture, vitesse d&rsquo;obturation et sensibilit\u00e9 ISO)<\/li>\n<li>Profondeur de champ<\/li>\n<li>Mise au point rapide (en fonction des boitiers et objectifs, multi-points options vari\u00e9es)<\/li>\n<li>Vid\u00e9o uniquement sur de rares mod\u00e8les (pas le but premier de ce genre d&rsquo;appareil)<\/li>\n<li>Toutes les marques sont fiables et de qualit\u00e9<\/li>\n<\/ul>\n<p><strong>R\u00e9sum\u00e9<\/strong><br \/>\nLes appareils compacts sont donc pratique pour des vacances ou des photos souvenirs de part leurs tailles r\u00e9duites, leur caract\u00e8ristique ludiques et populaires (vid\u00e9o&#8230;). Attention au au choix du mod\u00e8le, les marques Sony, Canon, Panasonic, Casio sont sur pour ne pas avoir des photos avec trop de bruit&#8230; je d\u00e9couseillerais vivement les mod\u00e8le Benq, HP ou encore autre sous marques qui ne sont pas de bonne qualit\u00e9.<\/p>\n<p>Pour faire de la photo (amateur ou professionnelle)\u00a0 et capter le bon moment l&rsquo;appareil r\u00e9flexe s&rsquo;impose. Canon et Nikkon sont les principales marquent de r\u00e9flexe accessible au grand public mais qui offre aussi des appareils pro. Sony ets dans la course aussi dans ce domaine apr\u00e8s le rachat de Minolta.<\/p>\n<p>Pixmania Suisse vaste choix d&rsquo;appareils photos \u00e0 bon prix comparer avant d&rsquo;acheter \ud83d\ude09 Pixamani n&rsquo;est pas toujours concurrentiel<br \/>\n<!-- DEBUT du code HTML zanox-affiliate --><br \/>\n<!-- (Le code HTML zanox-affiliate ne peut pas \u00eatre modifi\u00e9 pour pr\u00e9server une fonctionnalit\u00e9 parfaite !)--><br \/>\n<a href=\"http:\/\/ad.zanox.com\/ppc\/?7635361C415773934T\" target=\"_blank\" rel=\"noopener\"><img decoding=\"async\" src=\"http:\/\/ad.zanox.com\/ppv\/?7635361C415773934\" align=\"bottom\" width=\"120\" height=\"90\" border=\"0\" hspace=\"1\" alt=\"120x90 act fr\"><\/a><br \/>\n<!-- FIN du code HTML zanox-affiliate --><\/p>","protected":false},"excerpt":{"rendered":"<p>L&rsquo;achat d&rsquo;un appareil photo num\u00e9rique est de plus en plus \u00e0 la mode, mais pour monsieur ou madame tout le monde dans la jungle des mod\u00e8les et caract\u00e9ristiques il y a de quoi se perdre&#8230; Voici quelques informations et conseils Mon historique avec les appareils num\u00e9riques J&rsquo;utilise la photographie num\u00e9rique depuis 1999 et les premiers&#8230;<\/p>","protected":false},"author":1,"featured_media":0,"comment_status":"open","ping_status":"open","sticky":false,"template":"","format":"standard","meta":{"_kad_blocks_custom_css":"","_kad_blocks_head_custom_js":"","_kad_blocks_body_custom_js":"","_kad_blocks_footer_custom_js":"","_kadence_starter_templates_imported_post":false,"_kad_post_transparent":"","_kad_post_title":"","_kad_post_layout":"","_kad_post_sidebar_id":"","_kad_post_content_style":"","_kad_post_vertical_padding":"","_kad_post_feature":"","_kad_post_feature_position":"","_kad_post_header":false,"_kad_post_footer":false,"_kad_post_classname":"","_jetpack_newsletter_access":"","_jetpack_dont_email_post_to_subs":false,"_jetpack_newsletter_tier_id":0,"_jetpack_memberships_contains_paywalled_content":false,"_jetpack_feature_clip_id":0,"_jetpack_memberships_contains_paid_content":false,"footnotes":"","jetpack_post_was_ever_published":false},"categories":[996,27],"tags":[86,191,1001,251,451,579,1000,637,699,1002,994,931,940],"class_list":["post-498","post","type-post","status-publish","format-standard","hentry","category-conseil-dachat","category-photo","tag-appareil-photo","tag-canon","tag-compact","tag-conseil","tag-hp","tag-marque","tag-nikon","tag-numerique","tag-prix","tag-reflexe","tag-sony","tag-video","tag-vitesse"],"views":3338,"taxonomy_info":{"category":[{"value":996,"label":"Conseil d'achat"},{"value":27,"label":"Photo"}],"post_tag":[{"value":86,"label":"appareil photo"},{"value":191,"label":"Canon"},{"value":1001,"label":"compact"},{"value":251,"label":"conseil"},{"value":451,"label":"HP"},{"value":579,"label":"Marque"},{"value":1000,"label":"Nikon"},{"value":637,"label":"num\u00e9rique"},{"value":699,"label":"prix"},{"value":1002,"label":"r\u00e9flexe"},{"value":994,"label":"Sony"},{"value":931,"label":"vid\u00e9o"},{"value":940,"label":"vitesse"}]},"featured_image_src_large":false,"author_info":{"display_name":"Achat online suisse","author_link":"https:\/\/achat.suisse-blog.ch\/de\/author\/admin\/"},"comment_info":2,"category_info":[{"term_id":996,"name":"Conseil d'achat","slug":"conseil-dachat","term_group":0,"term_taxonomy_id":1021,"taxonomy":"category","description":"","parent":30,"count":4,"filter":"raw","cat_ID":996,"category_count":4,"category_description":"","cat_name":"Conseil d'achat","category_nicename":"conseil-dachat","category_parent":30},{"term_id":27,"name":"Photo","slug":"photo","term_group":0,"term_taxonomy_id":27,"taxonomy":"category","description":"","parent":30,"count":10,"filter":"raw","cat_ID":27,"category_count":10,"category_description":"","cat_name":"Photo","category_nicename":"photo","category_parent":30}],"tag_info":[{"term_id":86,"name":"appareil photo","slug":"appareil-photo","term_group":0,"term_taxonomy_id":87,"taxonomy":"post_tag","description":"","parent":0,"count":3,"filter":"raw"},{"term_id":191,"name":"Canon","slug":"canon","term_group":0,"term_taxonomy_id":195,"taxonomy":"post_tag","description":"","parent":0,"count":4,"filter":"raw"},{"term_id":1001,"name":"compact","slug":"compact","term_group":0,"term_taxonomy_id":1026,"taxonomy":"post_tag","description":"","parent":0,"count":3,"filter":"raw"},{"term_id":251,"name":"conseil","slug":"conseil","term_group":0,"term_taxonomy_id":255,"taxonomy":"post_tag","description":"","parent":0,"count":4,"filter":"raw"},{"term_id":451,"name":"HP","slug":"hp","term_group":0,"term_taxonomy_id":460,"taxonomy":"post_tag","description":"","parent":0,"count":6,"filter":"raw"},{"term_id":579,"name":"Marque","slug":"marque","term_group":0,"term_taxonomy_id":594,"taxonomy":"post_tag","description":"","parent":0,"count":18,"filter":"raw"},{"term_id":1000,"name":"Nikon","slug":"nikon","term_group":0,"term_taxonomy_id":1025,"taxonomy":"post_tag","description":"","parent":0,"count":1,"filter":"raw"},{"term_id":637,"name":"num\u00e9rique","slug":"numerique","term_group":0,"term_taxonomy_id":655,"taxonomy":"post_tag","description":"","parent":0,"count":6,"filter":"raw"},{"term_id":699,"name":"prix","slug":"prix","term_group":0,"term_taxonomy_id":719,"taxonomy":"post_tag","description":"","parent":0,"count":56,"filter":"raw"},{"term_id":1002,"name":"r\u00e9flexe","slug":"reflexe","term_group":0,"term_taxonomy_id":1027,"taxonomy":"post_tag","description":"","parent":0,"count":2,"filter":"raw"},{"term_id":994,"name":"Sony","slug":"sony","term_group":0,"term_taxonomy_id":1019,"taxonomy":"post_tag","description":"","parent":0,"count":3,"filter":"raw"},{"term_id":931,"name":"vid\u00e9o","slug":"video","term_group":0,"term_taxonomy_id":956,"taxonomy":"post_tag","description":"","parent":0,"count":13,"filter":"raw"},{"term_id":940,"name":"vitesse","slug":"vitesse","term_group":0,"term_taxonomy_id":965,"taxonomy":"post_tag","description":"","parent":0,"count":2,"filter":"raw"}],"jetpack_sharing_enabled":true,"jetpack_likes_enabled":true,"jetpack-related-posts":[],"jetpack_featured_media_url":"","_links":{"self":[{"href":"https:\/\/achat.suisse-blog.ch\/de\/wp-json\/wp\/v2\/posts\/498","targetHints":{"allow":["GET"]}}],"collection":[{"href":"https:\/\/achat.suisse-blog.ch\/de\/wp-json\/wp\/v2\/posts"}],"about":[{"href":"https:\/\/achat.suisse-blog.ch\/de\/wp-json\/wp\/v2\/types\/post"}],"author":[{"embeddable":true,"href":"https:\/\/achat.suisse-blog.ch\/de\/wp-json\/wp\/v2\/users\/1"}],"replies":[{"embeddable":true,"href":"https:\/\/achat.suisse-blog.ch\/de\/wp-json\/wp\/v2\/comments?post=498"}],"version-history":[{"count":9,"href":"https:\/\/achat.suisse-blog.ch\/de\/wp-json\/wp\/v2\/posts\/498\/revisions"}],"predecessor-version":[{"id":530,"href":"https:\/\/achat.suisse-blog.ch\/de\/wp-json\/wp\/v2\/posts\/498\/revisions\/530"}],"wp:attachment":[{"href":"https:\/\/achat.suisse-blog.ch\/de\/wp-json\/wp\/v2\/media?parent=498"}],"wp:term":[{"taxonomy":"category","embeddable":true,"href":"https:\/\/achat.suisse-blog.ch\/de\/wp-json\/wp\/v2\/categories?post=498"},{"taxonomy":"post_tag","embeddable":true,"href":"https:\/\/achat.suisse-blog.ch\/de\/wp-json\/wp\/v2\/tags?post=498"}],"curies":[{"name":"wp","href":"https:\/\/api.w.org\/{rel}","templated":true}]}}