{"id":545,"date":"2009-06-04T17:17:54","date_gmt":"2009-06-04T15:17:54","guid":{"rendered":"http:\/\/achat.suisse-blog.ch\/?p=545"},"modified":"2009-06-05T11:23:37","modified_gmt":"2009-06-05T09:23:37","slug":"reservation-pour-les-vacances-ete","status":"publish","type":"post","link":"https:\/\/achat.suisse-blog.ch\/de\/545\/reservation-pour-les-vacances-ete\/","title":{"rendered":"R\u00e9servation pour les vacances d&rsquo;\u00e9t\u00e9"},"content":{"rendered":"<p>Il n&rsquo;est pas encore trop tard pour r\u00e9server vos billets d&rsquo;avion et chambre d&rsquo;h\u00f4tel pour les vacances d&rsquo;\u00e9t\u00e9, seulement il faudra prendre plus de temps et \u00eatre plus flexible sur les destinations et les dates pour trouver un prix attractif.<\/p>\n<p>Il ne faut plus tarder pour r\u00e9server vos billets d&rsquo;avion (ou de train pour la France ou l&rsquo;Europe par exemple: <a title=\"billet de TGV \u00e0 bas prix  depuis la Suisse\" href=\"http:\/\/achat.suisse-blog.ch\/de\/43\/achat-dun-billet-de-tgv\/\">billet de TGV bon prix depuis Gen\u00e8ve Lausanne ou Neuch\u00e2tel<\/a>) les prix varie en fonction de l&rsquo;offre et de la demande et plus vous attendez plus la demande sera grande&#8230; certaine destination sont moins pris\u00e9e en \u00e9t\u00e9 et donne des opportunit\u00e9s de billet bon march\u00e9, mais d&rsquo;une mani\u00e8re g\u00e9n\u00e9rale tout est plus cher en haute saison et il est plus avantageux de partir en fin ao\u00fbt ou carr\u00e9ment en septembre ou automne.<\/p>\n<p>Voici la <a title=\"billet d'avion pas cher depuis la Suisse\" href=\"http:\/\/achat.suisse-blog.ch\/de\/404\/comment-trouver-un-billet-davion-bon-marche\/\">marche \u00e0 suivre pour trouver un billet d&rsquo;avion bon march\u00e9<\/a><\/p>\n<p>Ebookers.ch billet d&rsquo;avion bon march\u00e9, location de voiture et h\u00f4tel bas prix<br \/>\n<script type=\"text\/javascript\" src=\"http:\/\/impch.tradedoubler.com\/imp?g(17640986)a(1401567)\" charset=\"ISO-8859-1\"><\/script><\/p>\n<p>Par exemple actuellement un recherche sur ebookers.ch pour une offre de s\u00e9jour d&rsquo;une semaine \u00e0 Barcelone du 9 au 16 juillet (date fix\u00e9e) avec billet d&rsquo;avion pour 2 personnes + chambre d&rsquo;h\u00f4tel *** + voiture de location (Smart) donne un prix minimum de CHF 1342,80  (dont 58.- de frais d&rsquo;annulation)<\/p>\n<p>Autre exemple: 1 semaine \u00e0 Lisbonne 8 au 16 juillet (date flexible pour baiss\u00e9 le prix -150.- par rapport au date fixe du 9 au 16) CHF 524,00<br \/>\n1228.- pour une semaine \u00e0 Lisbonne du 9 au 16 juillet avec le pack billet+h\u00f4tel+voiture<\/p>\n<p>R\u00e9servation de voyage avec l&rsquo;agence en ligne travel.ch<br \/>\n<a href=\"http:\/\/clk.tradedoubler.com\/click?p=57947&#038;a=1401567&#038;g=17375492\" target=\"_BLANK\" rel=\"noopener\"><img decoding=\"async\" src=\"http:\/\/impch.tradedoubler.com\/imp?type(img)g(17375492)a(1401567)\" border=\"0\"><\/a><\/p>\n<p>E-domizil r\u00e9servation d&rsquo;appartement ou de maison de vacances (offre last minutes int\u00e9ressantes)<\/p>\n<p><script type=\"text\/javascript\" src=\"http:\/\/impch.tradedoubler.com\/imp?g(17668070)a(1401567)\" charset=\"ISO-8859-1\"><\/script><br \/>\nAvec e-domizil<br \/>\n9-16 juillet en Catalogne<br \/>\nPremier prix \u00e0 800.-\/semaine pour un appartement de vacances<br \/>\nCal Fania<br \/>\nEspagne, Barcelona, Calonge de Segarra<br \/>\nAppartement de vacances, 5 Nombre de personnes, 80 m2 Surface habitable, Animal accept\u00e9, Machine \u00e0 laver, TV, Chemin\u00e9e<\/p>","protected":false},"excerpt":{"rendered":"<p>Il n&rsquo;est pas encore trop tard pour r\u00e9server vos billets d&rsquo;avion et chambre d&rsquo;h\u00f4tel pour les vacances d&rsquo;\u00e9t\u00e9, seulement il faudra prendre plus de temps et \u00eatre plus flexible sur les destinations et les dates pour trouver un prix attractif. Il ne faut plus tarder pour r\u00e9server vos billets d&rsquo;avion (ou de train pour la&#8230;<\/p>","protected":false},"author":1,"featured_media":0,"comment_status":"open","ping_status":"open","sticky":false,"template":"","format":"standard","meta":{"_kad_blocks_custom_css":"","_kad_blocks_head_custom_js":"","_kad_blocks_body_custom_js":"","_kad_blocks_footer_custom_js":"","_kadence_starter_templates_imported_post":false,"_kad_post_transparent":"","_kad_post_title":"","_kad_post_layout":"","_kad_post_sidebar_id":"","_kad_post_content_style":"","_kad_post_vertical_padding":"","_kad_post_feature":"","_kad_post_feature_position":"","_kad_post_header":false,"_kad_post_footer":false,"_kad_post_classname":"","_jetpack_newsletter_access":"","_jetpack_dont_email_post_to_subs":false,"_jetpack_newsletter_tier_id":0,"_jetpack_memberships_contains_paywalled_content":false,"_jetpack_feature_clip_id":0,"_jetpack_memberships_contains_paid_content":false,"footnotes":"","jetpack_post_was_ever_published":false},"categories":[34],"tags":[122,163,284,311,448,518,739,776,881,943],"class_list":["post-545","post","type-post","status-publish","format-standard","hentry","category-vacances-voyages","tag-barcelone","tag-bon-marche","tag-destination","tag-ebookersch","tag-hotel","tag-last-minute","tag-reserver","tag-sejour","tag-tgv","tag-voiture"],"views":980,"taxonomy_info":{"category":[{"value":34,"label":"Vacances voyages"}],"post_tag":[{"value":122,"label":"Barcelone"},{"value":163,"label":"bon march\u00e9"},{"value":284,"label":"destination"},{"value":311,"label":"ebookers.ch"},{"value":448,"label":"h\u00f4tel"},{"value":518,"label":"last minute"},{"value":739,"label":"r\u00e9server"},{"value":776,"label":"s\u00e9jour"},{"value":881,"label":"TGV"},{"value":943,"label":"voiture"}]},"featured_image_src_large":false,"author_info":{"display_name":"Achat online suisse","author_link":"https:\/\/achat.suisse-blog.ch\/de\/author\/admin\/"},"comment_info":0,"category_info":[{"term_id":34,"name":"Vacances voyages","slug":"vacances-voyages","term_group":0,"term_taxonomy_id":34,"taxonomy":"category","description":"","parent":0,"count":45,"filter":"raw","cat_ID":34,"category_count":45,"category_description":"","cat_name":"Vacances voyages","category_nicename":"vacances-voyages","category_parent":0}],"tag_info":[{"term_id":122,"name":"Barcelone","slug":"barcelone","term_group":0,"term_taxonomy_id":123,"taxonomy":"post_tag","description":"","parent":0,"count":4,"filter":"raw"},{"term_id":163,"name":"bon march\u00e9","slug":"bon-marche","term_group":0,"term_taxonomy_id":165,"taxonomy":"post_tag","description":"","parent":0,"count":12,"filter":"raw"},{"term_id":284,"name":"destination","slug":"destination","term_group":0,"term_taxonomy_id":290,"taxonomy":"post_tag","description":"","parent":0,"count":10,"filter":"raw"},{"term_id":311,"name":"ebookers.ch","slug":"ebookersch","term_group":0,"term_taxonomy_id":318,"taxonomy":"post_tag","description":"","parent":0,"count":5,"filter":"raw"},{"term_id":448,"name":"h\u00f4tel","slug":"hotel","term_group":0,"term_taxonomy_id":457,"taxonomy":"post_tag","description":"","parent":0,"count":17,"filter":"raw"},{"term_id":518,"name":"last minute","slug":"last-minute","term_group":0,"term_taxonomy_id":531,"taxonomy":"post_tag","description":"","parent":0,"count":8,"filter":"raw"},{"term_id":739,"name":"r\u00e9server","slug":"reserver","term_group":0,"term_taxonomy_id":760,"taxonomy":"post_tag","description":"","parent":0,"count":3,"filter":"raw"},{"term_id":776,"name":"s\u00e9jour","slug":"sejour","term_group":0,"term_taxonomy_id":797,"taxonomy":"post_tag","description":"","parent":0,"count":7,"filter":"raw"},{"term_id":881,"name":"TGV","slug":"tgv","term_group":0,"term_taxonomy_id":906,"taxonomy":"post_tag","description":"","parent":0,"count":9,"filter":"raw"},{"term_id":943,"name":"voiture","slug":"voiture","term_group":0,"term_taxonomy_id":968,"taxonomy":"post_tag","description":"","parent":0,"count":10,"filter":"raw"}],"jetpack_sharing_enabled":true,"jetpack_likes_enabled":true,"jetpack-related-posts":[],"jetpack_featured_media_url":"","_links":{"self":[{"href":"https:\/\/achat.suisse-blog.ch\/de\/wp-json\/wp\/v2\/posts\/545","targetHints":{"allow":["GET"]}}],"collection":[{"href":"https:\/\/achat.suisse-blog.ch\/de\/wp-json\/wp\/v2\/posts"}],"about":[{"href":"https:\/\/achat.suisse-blog.ch\/de\/wp-json\/wp\/v2\/types\/post"}],"author":[{"embeddable":true,"href":"https:\/\/achat.suisse-blog.ch\/de\/wp-json\/wp\/v2\/users\/1"}],"replies":[{"embeddable":true,"href":"https:\/\/achat.suisse-blog.ch\/de\/wp-json\/wp\/v2\/comments?post=545"}],"version-history":[{"count":2,"href":"https:\/\/achat.suisse-blog.ch\/de\/wp-json\/wp\/v2\/posts\/545\/revisions"}],"predecessor-version":[{"id":554,"href":"https:\/\/achat.suisse-blog.ch\/de\/wp-json\/wp\/v2\/posts\/545\/revisions\/554"}],"wp:attachment":[{"href":"https:\/\/achat.suisse-blog.ch\/de\/wp-json\/wp\/v2\/media?parent=545"}],"wp:term":[{"taxonomy":"category","embeddable":true,"href":"https:\/\/achat.suisse-blog.ch\/de\/wp-json\/wp\/v2\/categories?post=545"},{"taxonomy":"post_tag","embeddable":true,"href":"https:\/\/achat.suisse-blog.ch\/de\/wp-json\/wp\/v2\/tags?post=545"}],"curies":[{"name":"wp","href":"https:\/\/api.w.org\/{rel}","templated":true}]}}