{"id":557,"date":"2009-06-12T19:38:35","date_gmt":"2009-06-12T17:38:35","guid":{"rendered":"http:\/\/achat.suisse-blog.ch\/?p=557"},"modified":"2009-06-13T23:39:35","modified_gmt":"2009-06-13T21:39:35","slug":"nouvelles-offres-dapple-suisse","status":"publish","type":"post","link":"https:\/\/achat.suisse-blog.ch\/de\/557\/nouvelles-offres-dapple-suisse\/","title":{"rendered":"Nouvelles offres d&rsquo;Apple Suisse"},"content":{"rendered":"<p><a href=\"http:\/\/achat.suisse-blog.ch\/wp-content\/uploads\/2009\/06\/apple-mac.jpg\"><img decoding=\"async\" class=\"alignnone size-thumbnail wp-image-558 lazyload\" title=\"apple-mac\" data-src=\"http:\/\/achat.suisse-blog.ch\/wp-content\/uploads\/2009\/06\/apple-mac-150x150.jpg\" alt=\"apple-mac\" width=\"150\" height=\"150\" src=\"data:image\/svg+xml;base64,PHN2ZyB3aWR0aD0iMSIgaGVpZ2h0PSIxIiB4bWxucz0iaHR0cDovL3d3dy53My5vcmcvMjAwMC9zdmciPjwvc3ZnPg==\" style=\"--smush-placeholder-width: 150px; --smush-placeholder-aspect-ratio: 150\/150;\" \/><\/a><\/p>\n<p>Apple suisse propose une nouvelle gamme de Macbook Pro&#8230; abordable et performant&#8230; premier prix \u00e0 1549.- francs.<\/p>\n<p>Principales caract\u00e9ristiques :<br \/>\n&#8211; Coque unibody de pr\u00e9cision en aluminium<br \/>\n&#8211;  Batterie int\u00e9gr\u00e9e innovante (Chaque nouveau MacBook Pro int\u00e8gre une batterie  avanc\u00e9e qui offre<br \/>\njusqu&rsquo;\u00e0 7 heures d&rsquo;autonomie par cycle de charge)<br \/>\n&#8211;  Processeur cadenc\u00e9 jusqu&rsquo;\u00e0 3,06 GHz<br \/>\n&#8211; Processeurs graphiques NVIDIA avanc\u00e9s<br \/>\n&#8211; \u00c9cran panoramique r\u00e9tro-\u00e9clair\u00e9 par LED haute qualit\u00e9<br \/>\n&#8211; Trackpad  Multi-Touch en verre doux au toucher<br \/>\n&#8211; La gamme de portables la plus  \u00e9colo<br \/>\n&#8211; Pr\u00eat \u00e0 l&#8217;emploi d\u00e8s la sortie de l&#8217;emballage avec Mac OS X et iLife  \u201909<\/p>\n<p><a title=\"Nouveau macbook pro\" href=\"http:\/\/clk.tradedoubler.com\/click?p=21664&amp;a=1401567&amp;url=http:\/\/store.apple.com\/ch-fr\/go\/macbookpro\" target=\"_blank\" rel=\"noopener\">MacBook Pro<\/a><\/p>\n<p><a href=\"http:\/\/clk.tradedoubler.com\/click?p=21664&amp;a=1401567&amp;g=17878626\" target=\"_BLANK\" rel=\"noopener\"><img decoding=\"async\" src=\"http:\/\/impch.tradedoubler.com\/imp?type(img)g(17878626)a(1401567)\" border=\"0\" alt=\"\" \/><\/a><\/p>\n<p>Le Macbook Air est l&rsquo;ordinateur portable de Apple, hyper plat et tr\u00e8s l\u00e9ger, un laptop performant et pratique pour les repr\u00e9sentants et les utilisateur tr\u00e8s mobiles.<\/p>\n<p>MacBook Air, incroyable de finesse et de l\u00e9g\u00e8ret\u00e9, est d\u00e9sormais plus abordable  et plus rapide que<br \/>\njamais gr\u00e2ce au processeur Intel Core 2 Duo cadenc\u00e9  jusqu&rsquo;\u00e0 2,13 GHz, permet une connectivit\u00e9 sans<br \/>\nfil avec pr\u00e8s de 5 heures  d&rsquo;autonomie et r\u00e9pond \u00e0 la norme EnergyStar 5.0 pour plus de respect  de<br \/>\nl&rsquo;environnement.<\/p>\n<p><a title=\"Macbook Air Suisse\" href=\"http:\/\/clk.tradedoubler.com\/click?p=21664&amp;a=1401567&amp;url=http:\/\/store.apple.com\/ch-fr\/go\/macbookair\" target=\"_blank\" rel=\"noopener\">MacBook Air<\/a><\/p>","protected":false},"excerpt":{"rendered":"<p>Apple suisse propose une nouvelle gamme de Macbook Pro&#8230; abordable et performant&#8230; premier prix \u00e0 1549.- francs. Principales caract\u00e9ristiques : &#8211; Coque unibody de pr\u00e9cision en aluminium &#8211; Batterie int\u00e9gr\u00e9e innovante (Chaque nouveau MacBook Pro int\u00e8gre une batterie avanc\u00e9e qui offre jusqu&rsquo;\u00e0 7 heures d&rsquo;autonomie par cycle de charge) &#8211; Processeur cadenc\u00e9 jusqu&rsquo;\u00e0 3,06 GHz&#8230;<\/p>","protected":false},"author":1,"featured_media":0,"comment_status":"open","ping_status":"open","sticky":false,"template":"","format":"standard","meta":{"_kad_blocks_custom_css":"","_kad_blocks_head_custom_js":"","_kad_blocks_body_custom_js":"","_kad_blocks_footer_custom_js":"","_kadence_starter_templates_imported_post":false,"_kad_post_transparent":"","_kad_post_title":"","_kad_post_layout":"","_kad_post_sidebar_id":"","_kad_post_content_style":"","_kad_post_vertical_padding":"","_kad_post_feature":"","_kad_post_feature_position":"","_kad_post_header":false,"_kad_post_footer":false,"_kad_post_classname":"","_jetpack_newsletter_access":"","_jetpack_dont_email_post_to_subs":false,"_jetpack_newsletter_tier_id":0,"_jetpack_memberships_contains_paywalled_content":false,"_jetpack_feature_clip_id":0,"_jetpack_memberships_contains_paid_content":false,"footnotes":"","jetpack_post_was_ever_published":false},"categories":[3,26],"tags":[88,1183,391,557,558,603,685,699],"class_list":["post-557","post","type-post","status-publish","format-standard","hentry","category-achat","category-ordinateur","tag-apple","tag-achat","tag-francs","tag-macbook","tag-macbook-air","tag-mobile","tag-portable","tag-prix"],"views":2937,"taxonomy_info":{"category":[{"value":3,"label":"Commerce"},{"value":26,"label":"Ordinateur"}],"post_tag":[{"value":88,"label":"Apple"},{"value":1183,"label":"Commerce"},{"value":391,"label":"francs"},{"value":557,"label":"macbook"},{"value":558,"label":"MacBook Air"},{"value":603,"label":"mobile"},{"value":685,"label":"portable"},{"value":699,"label":"prix"}]},"featured_image_src_large":false,"author_info":{"display_name":"Achat online suisse","author_link":"https:\/\/achat.suisse-blog.ch\/de\/author\/admin\/"},"comment_info":0,"category_info":[{"term_id":3,"name":"Commerce","slug":"achat","term_group":0,"term_taxonomy_id":3,"taxonomy":"category","description":"","parent":0,"count":73,"filter":"raw","cat_ID":3,"category_count":73,"category_description":"","cat_name":"Commerce","category_nicename":"achat","category_parent":0},{"term_id":26,"name":"Ordinateur","slug":"ordinateur","term_group":0,"term_taxonomy_id":26,"taxonomy":"category","description":"","parent":17,"count":21,"filter":"raw","cat_ID":26,"category_count":21,"category_description":"","cat_name":"Ordinateur","category_nicename":"ordinateur","category_parent":17}],"tag_info":[{"term_id":88,"name":"Apple","slug":"apple","term_group":0,"term_taxonomy_id":89,"taxonomy":"post_tag","description":"","parent":0,"count":32,"filter":"raw"},{"term_id":1183,"name":"Commerce","slug":"achat","term_group":0,"term_taxonomy_id":51,"taxonomy":"post_tag","description":"","parent":0,"count":63,"filter":"raw"},{"term_id":391,"name":"francs","slug":"francs","term_group":0,"term_taxonomy_id":400,"taxonomy":"post_tag","description":"","parent":0,"count":7,"filter":"raw"},{"term_id":557,"name":"macbook","slug":"macbook","term_group":0,"term_taxonomy_id":570,"taxonomy":"post_tag","description":"","parent":0,"count":3,"filter":"raw"},{"term_id":558,"name":"MacBook Air","slug":"macbook-air","term_group":0,"term_taxonomy_id":571,"taxonomy":"post_tag","description":"","parent":0,"count":2,"filter":"raw"},{"term_id":603,"name":"mobile","slug":"mobile","term_group":0,"term_taxonomy_id":619,"taxonomy":"post_tag","description":"","parent":0,"count":18,"filter":"raw"},{"term_id":685,"name":"portable","slug":"portable","term_group":0,"term_taxonomy_id":705,"taxonomy":"post_tag","description":"","parent":0,"count":7,"filter":"raw"},{"term_id":699,"name":"prix","slug":"prix","term_group":0,"term_taxonomy_id":719,"taxonomy":"post_tag","description":"","parent":0,"count":56,"filter":"raw"}],"jetpack_sharing_enabled":true,"jetpack_likes_enabled":true,"jetpack-related-posts":[],"jetpack_featured_media_url":"","_links":{"self":[{"href":"https:\/\/achat.suisse-blog.ch\/de\/wp-json\/wp\/v2\/posts\/557","targetHints":{"allow":["GET"]}}],"collection":[{"href":"https:\/\/achat.suisse-blog.ch\/de\/wp-json\/wp\/v2\/posts"}],"about":[{"href":"https:\/\/achat.suisse-blog.ch\/de\/wp-json\/wp\/v2\/types\/post"}],"author":[{"embeddable":true,"href":"https:\/\/achat.suisse-blog.ch\/de\/wp-json\/wp\/v2\/users\/1"}],"replies":[{"embeddable":true,"href":"https:\/\/achat.suisse-blog.ch\/de\/wp-json\/wp\/v2\/comments?post=557"}],"version-history":[{"count":3,"href":"https:\/\/achat.suisse-blog.ch\/de\/wp-json\/wp\/v2\/posts\/557\/revisions"}],"predecessor-version":[{"id":560,"href":"https:\/\/achat.suisse-blog.ch\/de\/wp-json\/wp\/v2\/posts\/557\/revisions\/560"}],"wp:attachment":[{"href":"https:\/\/achat.suisse-blog.ch\/de\/wp-json\/wp\/v2\/media?parent=557"}],"wp:term":[{"taxonomy":"category","embeddable":true,"href":"https:\/\/achat.suisse-blog.ch\/de\/wp-json\/wp\/v2\/categories?post=557"},{"taxonomy":"post_tag","embeddable":true,"href":"https:\/\/achat.suisse-blog.ch\/de\/wp-json\/wp\/v2\/tags?post=557"}],"curies":[{"name":"wp","href":"https:\/\/api.w.org\/{rel}","templated":true}]}}