{"id":581,"date":"2009-07-11T17:56:55","date_gmt":"2009-07-11T15:56:55","guid":{"rendered":"http:\/\/achat.suisse-blog.ch\/?p=581"},"modified":"2011-11-24T23:38:40","modified_gmt":"2011-11-24T21:38:40","slug":"nouvelle-destination-air-france-au-depart-de-geneve","status":"publish","type":"post","link":"https:\/\/achat.suisse-blog.ch\/de\/581\/nouvelle-destination-air-france-au-depart-de-geneve\/","title":{"rendered":"Nouvelles destinations Air France au d\u00e9part de Gen\u00e8ve"},"content":{"rendered":"<p>Nouvelle destination Air France au d\u00e9part de Gen\u00e8ve<\/p>\n<p>La compagnie a\u00e9rienne fran\u00e7aise annonce 5 nouvelles destinations fran\u00e7aises au d\u00e9part de Gen\u00e8ve. Cela offre des possibilit\u00e9s de vacances et ajoute de la concurrence qui pourrait contribuer \u00e0 la baisse de prix.<\/p>\n<p>L&rsquo;a\u00e9roport de Gen\u00e8ve-Contrin est une plaque tournante importante en Europe centrale, les si\u00e8ges des organisations internationales comme l&rsquo;ONU et autre ONG ainsi que les compagnies de n\u00e9goces p\u00e9trolier et alimentaire dra\u00eenent un grand traffic a\u00e9rien.<\/p>\n<p>Air France KLM est assez actif depuis la cit\u00e9 fronti\u00e8re Suisse du bout du lac.<\/p>\n<p>lien: <a title=\"Si\u00e8ges ONU Croix-Rouge\" href=\"http:\/\/geneve.suisse-blog.ch\/112\/les-sieges-des-organisations-internationales-a-geneve\/\">Si\u00e8ges internationaux \u00e0 Gen\u00e8ve<\/a><\/p>\n<p><a href=\"http:\/\/clk.tradedoubler.com\/click?p=71728&amp;a=1401567&amp;g=18077796\" target=\"_BLANK\" rel=\"noopener\"><img decoding=\"async\" src=\"http:\/\/impch.tradedoubler.com\/imp?type(img)g(18077796)a(1401567)\" border=\"0\" alt=\"\" \/><\/a><\/p>\n<p>Prix indicatifs: variable en fonction des dates que vous choisirez<br \/>\nBiarritz \t253 CHF<br \/>\nBordeaux \t140 CHF<br \/>\nNice \t149 CHF<br \/>\nSt Tropez La Mole* \t219 CHF<br \/>\nToulouse \t234 CHF<\/p>\n<p>Terminal A (Suisse) comparaison des meilleurs prix pour des billets d&rsquo;avion moteur de recherche sur plusieurs compagnies<\/p>\n<p><a href=\"http:\/\/clk.tradedoubler.com\/click?p=61687&amp;a=1401567&amp;g=17096170\" target=\"_BLANK\" rel=\"noopener\"><img decoding=\"async\" src=\"http:\/\/impch.tradedoubler.com\/imp?type(img)g(17096170)a(1401567)\" border=\"0\" alt=\"\" \/><\/a><\/p>\n<p>Comparateur rapide:<\/p>\n<p>Billets d&rsquo;avion au meilleurs prix<\/p>\n<p><SCRIPT id=\"it_multiform\" src=\"http:\/\/www.illicotravel.com\/fr\/affil\/multiform\/include.js?width=250&#038;height=250&#038;sections=flight,vacation,hotel,car&#038;foregroundColor=FFFFFF&#038;backgroundColor=DFCFCF&#038;overlay=bumpy&#038;searchButtonColor=4007F9&#038;searchButtonShape=8&#038;searchButtonText=1&#038;fl_redirectionUrl=http%3A%2F%2Fwww.voyagesenavion.com%2Fbillet-davion%2Fcomparateur-prix%2F&#038;fl_openInNewWindow=false&#038;vac_redirectionUrl=http%3A%2F%2Fwww.voyagesenavion.com%2Fsejour-meilleur-prix%2F&#038;vac_openInNewWindow=false&#038;hot_redirectionUrl=http%3A%2F%2Fwww.voyagesenavion.com%2Fhotel-comparaison%2F&#038;hot_openInNewWindow=false&#038;car_redirectionUrl=http%3A%2F%2Fwww.voyagesenavion.com%2Flocation-auto%2F&#038;car_openInNewWindow=false&#038;affilId=VEA\"><\/SCRIPT> <\/p>","protected":false},"excerpt":{"rendered":"<p>Nouvelle destination Air France au d\u00e9part de Gen\u00e8ve La compagnie a\u00e9rienne fran\u00e7aise annonce 5 nouvelles destinations fran\u00e7aises au d\u00e9part de Gen\u00e8ve. Cela offre des possibilit\u00e9s de vacances et ajoute de la concurrence qui pourrait contribuer \u00e0 la baisse de prix. L&rsquo;a\u00e9roport de Gen\u00e8ve-Contrin est une plaque tournante importante en Europe centrale, les si\u00e8ges des organisations&#8230;<\/p>","protected":false},"author":1,"featured_media":0,"comment_status":"open","ping_status":"open","sticky":false,"template":"","format":"standard","meta":{"_kad_blocks_custom_css":"","_kad_blocks_head_custom_js":"","_kad_blocks_body_custom_js":"","_kad_blocks_footer_custom_js":"","_kadence_starter_templates_imported_post":false,"_kad_post_transparent":"","_kad_post_title":"","_kad_post_layout":"","_kad_post_sidebar_id":"","_kad_post_content_style":"","_kad_post_vertical_padding":"","_kad_post_feature":"","_kad_post_feature_position":"","_kad_post_header":false,"_kad_post_footer":false,"_kad_post_classname":"","_jetpack_newsletter_access":"","_jetpack_dont_email_post_to_subs":false,"_jetpack_newsletter_tier_id":0,"_jetpack_memberships_contains_paywalled_content":false,"_jetpack_feature_clip_id":0,"_jetpack_memberships_contains_paid_content":false,"footnotes":"","jetpack_post_was_ever_published":false},"categories":[34],"tags":[67,109,145,212,232,284,390,501,624],"class_list":["post-581","post","type-post","status-publish","format-standard","hentry","category-vacances-voyages","tag-air-france","tag-avion","tag-billet","tag-chf","tag-compagnie-aerienne","tag-destination","tag-france","tag-klm","tag-nice"],"views":958,"taxonomy_info":{"category":[{"value":34,"label":"Vacances voyages"}],"post_tag":[{"value":67,"label":"Air France"},{"value":109,"label":"avion"},{"value":145,"label":"billet"},{"value":212,"label":"CHF"},{"value":232,"label":"compagnie a\u00e9rienne"},{"value":284,"label":"destination"},{"value":390,"label":"France"},{"value":501,"label":"KLM"},{"value":624,"label":"Nice"}]},"featured_image_src_large":false,"author_info":{"display_name":"Achat online suisse","author_link":"https:\/\/achat.suisse-blog.ch\/de\/author\/admin\/"},"comment_info":0,"category_info":[{"term_id":34,"name":"Vacances voyages","slug":"vacances-voyages","term_group":0,"term_taxonomy_id":34,"taxonomy":"category","description":"","parent":0,"count":45,"filter":"raw","cat_ID":34,"category_count":45,"category_description":"","cat_name":"Vacances voyages","category_nicename":"vacances-voyages","category_parent":0}],"tag_info":[{"term_id":67,"name":"Air France","slug":"air-france","term_group":0,"term_taxonomy_id":68,"taxonomy":"post_tag","description":"","parent":0,"count":10,"filter":"raw"},{"term_id":109,"name":"avion","slug":"avion","term_group":0,"term_taxonomy_id":110,"taxonomy":"post_tag","description":"","parent":0,"count":6,"filter":"raw"},{"term_id":145,"name":"billet","slug":"billet","term_group":0,"term_taxonomy_id":146,"taxonomy":"post_tag","description":"","parent":0,"count":11,"filter":"raw"},{"term_id":212,"name":"CHF","slug":"chf","term_group":0,"term_taxonomy_id":216,"taxonomy":"post_tag","description":"","parent":0,"count":10,"filter":"raw"},{"term_id":232,"name":"compagnie a\u00e9rienne","slug":"compagnie-aerienne","term_group":0,"term_taxonomy_id":236,"taxonomy":"post_tag","description":"","parent":0,"count":11,"filter":"raw"},{"term_id":284,"name":"destination","slug":"destination","term_group":0,"term_taxonomy_id":290,"taxonomy":"post_tag","description":"","parent":0,"count":10,"filter":"raw"},{"term_id":390,"name":"France","slug":"france","term_group":0,"term_taxonomy_id":399,"taxonomy":"post_tag","description":"","parent":0,"count":14,"filter":"raw"},{"term_id":501,"name":"KLM","slug":"klm","term_group":0,"term_taxonomy_id":514,"taxonomy":"post_tag","description":"","parent":0,"count":6,"filter":"raw"},{"term_id":624,"name":"Nice","slug":"nice","term_group":0,"term_taxonomy_id":642,"taxonomy":"post_tag","description":"","parent":0,"count":1,"filter":"raw"}],"jetpack_sharing_enabled":true,"jetpack_likes_enabled":true,"jetpack-related-posts":[],"jetpack_featured_media_url":"","_links":{"self":[{"href":"https:\/\/achat.suisse-blog.ch\/de\/wp-json\/wp\/v2\/posts\/581","targetHints":{"allow":["GET"]}}],"collection":[{"href":"https:\/\/achat.suisse-blog.ch\/de\/wp-json\/wp\/v2\/posts"}],"about":[{"href":"https:\/\/achat.suisse-blog.ch\/de\/wp-json\/wp\/v2\/types\/post"}],"author":[{"embeddable":true,"href":"https:\/\/achat.suisse-blog.ch\/de\/wp-json\/wp\/v2\/users\/1"}],"replies":[{"embeddable":true,"href":"https:\/\/achat.suisse-blog.ch\/de\/wp-json\/wp\/v2\/comments?post=581"}],"version-history":[{"count":2,"href":"https:\/\/achat.suisse-blog.ch\/de\/wp-json\/wp\/v2\/posts\/581\/revisions"}],"predecessor-version":[{"id":1633,"href":"https:\/\/achat.suisse-blog.ch\/de\/wp-json\/wp\/v2\/posts\/581\/revisions\/1633"}],"wp:attachment":[{"href":"https:\/\/achat.suisse-blog.ch\/de\/wp-json\/wp\/v2\/media?parent=581"}],"wp:term":[{"taxonomy":"category","embeddable":true,"href":"https:\/\/achat.suisse-blog.ch\/de\/wp-json\/wp\/v2\/categories?post=581"},{"taxonomy":"post_tag","embeddable":true,"href":"https:\/\/achat.suisse-blog.ch\/de\/wp-json\/wp\/v2\/tags?post=581"}],"curies":[{"name":"wp","href":"https:\/\/api.w.org\/{rel}","templated":true}]}}