{"id":649,"date":"2009-08-27T00:11:41","date_gmt":"2009-08-26T22:11:41","guid":{"rendered":"http:\/\/achat.suisse-blog.ch\/?p=649"},"modified":"2011-11-24T23:38:12","modified_gmt":"2011-11-24T21:38:12","slug":"paris-des-33-francs-depuis-geneve-lausanne-et-neuchatel","status":"publish","type":"post","link":"https:\/\/achat.suisse-blog.ch\/de\/649\/paris-des-33-francs-depuis-geneve-lausanne-et-neuchatel\/","title":{"rendered":"Paris d\u00e8s 33 francs depuis Gen\u00e8ve, Lausanne et Neuch\u00e2tel"},"content":{"rendered":"<figure id=\"attachment_648\" aria-describedby=\"caption-attachment-648\" style=\"width: 150px\" class=\"wp-caption alignleft\"><img decoding=\"async\" class=\"size-thumbnail wp-image-648 lazyload\" title=\"tgv\" data-src=\"http:\/\/achat.suisse-blog.ch\/wp-content\/uploads\/2009\/08\/tgv-150x150.jpg\" alt=\"TGV Lyria Europe\" width=\"150\" height=\"150\" data-srcset=\"https:\/\/achat.suisse-blog.ch\/wp-content\/uploads\/2009\/08\/tgv-150x150.jpg 150w, https:\/\/achat.suisse-blog.ch\/wp-content\/uploads\/2009\/08\/tgv.jpg 245w\" data-sizes=\"(max-width: 150px) 100vw, 150px\" src=\"data:image\/svg+xml;base64,PHN2ZyB3aWR0aD0iMSIgaGVpZ2h0PSIxIiB4bWxucz0iaHR0cDovL3d3dy53My5vcmcvMjAwMC9zdmciPjwvc3ZnPg==\" style=\"--smush-placeholder-width: 150px; --smush-placeholder-aspect-ratio: 150\/150;\" \/><figcaption id=\"caption-attachment-648\" class=\"wp-caption-text\">TGV Lyria Europe<\/figcaption><\/figure>\n<p>Pour cet automne, le voyage en TGV pour Paris \u00e0 partir des gares de Gen\u00e8ve, Lausanne et Neuch\u00e2tel<\/p>\n<p>Aller simple \u00e0 partir de 33 francs suisses&#8230; ce prix bas n&rsquo;est pas permanent, cette promotion sp\u00e9ciale sera disponible pour les r\u00e9servations que jusqu&rsquo;au 6 septembre 2009.<\/p>\n<p>Conditions:<\/p>\n<p>Valable pour un aller simple, en 2\u00e8me classe uniquement et dans la limite des places disponibles, au d\u00e9part de B\u00e2le, Berne, Gen\u00e8ve, Lausanne, Neuch\u00e2tel, Vallorbe, Zurich et \u00e0 destination de Paris, ou inversement.<\/p>\n<p>Les prix varient bien sur en fonction du nombre de place d\u00e9j\u00e0 r\u00e9serv\u00e9e dans le train, pour trouver les meilleurs prix il est tr\u00e8s important de r\u00e9server vos billets le plus t\u00f4t possible.<\/p>\n<p><a href=\"http:\/\/clk.tradedoubler.com\/click?p=52498&amp;a=1401567&amp;g=16977882\" target=\"_BLANK\" rel=\"noopener\"><img decoding=\"async\" src=\"http:\/\/impch.tradedoubler.com\/imp?type(img)g(16977882)a(1401567)\" border=\"0\" alt=\"\" \/><\/a><\/p>\n<p>Comparateur rapide:<\/p>\n<p>Billets d&rsquo;avion au meilleurs prix<\/p>\n<p><SCRIPT id=\"it_multiform\" src=\"http:\/\/www.illicotravel.com\/fr\/affil\/multiform\/include.js?width=250&#038;height=250&#038;sections=flight,vacation,hotel,car&#038;foregroundColor=FFFFFF&#038;backgroundColor=DFCFCF&#038;overlay=bumpy&#038;searchButtonColor=4007F9&#038;searchButtonShape=8&#038;searchButtonText=1&#038;fl_redirectionUrl=http%3A%2F%2Fwww.voyagesenavion.com%2Fbillet-davion%2Fcomparateur-prix%2F&#038;fl_openInNewWindow=false&#038;vac_redirectionUrl=http%3A%2F%2Fwww.voyagesenavion.com%2Fsejour-meilleur-prix%2F&#038;vac_openInNewWindow=false&#038;hot_redirectionUrl=http%3A%2F%2Fwww.voyagesenavion.com%2Fhotel-comparaison%2F&#038;hot_openInNewWindow=false&#038;car_redirectionUrl=http%3A%2F%2Fwww.voyagesenavion.com%2Flocation-auto%2F&#038;car_openInNewWindow=false&#038;affilId=VEA\"><\/SCRIPT> <\/p>","protected":false},"excerpt":{"rendered":"<p>Pour cet automne, le voyage en TGV pour Paris \u00e0 partir des gares de Gen\u00e8ve, Lausanne et Neuch\u00e2tel Aller simple \u00e0 partir de 33 francs suisses&#8230; ce prix bas n&rsquo;est pas permanent, cette promotion sp\u00e9ciale sera disponible pour les r\u00e9servations que jusqu&rsquo;au 6 septembre 2009. Conditions: Valable pour un aller simple, en 2\u00e8me classe uniquement&#8230;<\/p>","protected":false},"author":1,"featured_media":0,"comment_status":"open","ping_status":"open","sticky":false,"template":"","format":"standard","meta":{"_kad_blocks_custom_css":"","_kad_blocks_head_custom_js":"","_kad_blocks_body_custom_js":"","_kad_blocks_footer_custom_js":"","_kadence_starter_templates_imported_post":false,"_kad_post_transparent":"","_kad_post_title":"","_kad_post_layout":"","_kad_post_sidebar_id":"","_kad_post_content_style":"","_kad_post_vertical_padding":"","_kad_post_feature":"","_kad_post_feature_position":"","_kad_post_header":false,"_kad_post_footer":false,"_kad_post_classname":"","_jetpack_newsletter_access":"","_jetpack_dont_email_post_to_subs":false,"_jetpack_newsletter_tier_id":0,"_jetpack_memberships_contains_paywalled_content":false,"_jetpack_feature_clip_id":0,"_jetpack_memberships_contains_paid_content":false,"footnotes":"","jetpack_post_was_ever_published":false},"categories":[1017,34],"tags":[134,145,244,280,391,407,519,622,661,881,980],"class_list":["post-649","post","type-post","status-publish","format-standard","hentry","category-train-cff-tgv","category-vacances-voyages","tag-berne","tag-billet","tag-condition","tag-depart","tag-francs","tag-geneve","tag-lausanne","tag-neuchatel","tag-paris","tag-tgv","tag-zurich"],"views":6831,"taxonomy_info":{"category":[{"value":1017,"label":"Train"},{"value":34,"label":"Vacances voyages"}],"post_tag":[{"value":134,"label":"Berne"},{"value":145,"label":"billet"},{"value":244,"label":"condition"},{"value":280,"label":"d\u00e9part"},{"value":391,"label":"francs"},{"value":407,"label":"Gen\u00e8ve"},{"value":519,"label":"Lausanne"},{"value":622,"label":"Neuch\u00e2tel"},{"value":661,"label":"Paris"},{"value":881,"label":"TGV"},{"value":980,"label":"Zurich"}]},"featured_image_src_large":false,"author_info":{"display_name":"Achat online suisse","author_link":"https:\/\/achat.suisse-blog.ch\/de\/author\/admin\/"},"comment_info":0,"category_info":[{"term_id":1017,"name":"Train","slug":"train-cff-tgv","term_group":0,"term_taxonomy_id":1042,"taxonomy":"category","description":"train, CFF TGV Europe","parent":34,"count":3,"filter":"raw","cat_ID":1017,"category_count":3,"category_description":"train, CFF TGV Europe","cat_name":"Train","category_nicename":"train-cff-tgv","category_parent":34},{"term_id":34,"name":"Vacances voyages","slug":"vacances-voyages","term_group":0,"term_taxonomy_id":34,"taxonomy":"category","description":"","parent":0,"count":45,"filter":"raw","cat_ID":34,"category_count":45,"category_description":"","cat_name":"Vacances voyages","category_nicename":"vacances-voyages","category_parent":0}],"tag_info":[{"term_id":134,"name":"Berne","slug":"berne","term_group":0,"term_taxonomy_id":135,"taxonomy":"post_tag","description":"","parent":0,"count":6,"filter":"raw"},{"term_id":145,"name":"billet","slug":"billet","term_group":0,"term_taxonomy_id":146,"taxonomy":"post_tag","description":"","parent":0,"count":11,"filter":"raw"},{"term_id":244,"name":"condition","slug":"condition","term_group":0,"term_taxonomy_id":248,"taxonomy":"post_tag","description":"","parent":0,"count":2,"filter":"raw"},{"term_id":280,"name":"d\u00e9part","slug":"depart","term_group":0,"term_taxonomy_id":286,"taxonomy":"post_tag","description":"","parent":0,"count":6,"filter":"raw"},{"term_id":391,"name":"francs","slug":"francs","term_group":0,"term_taxonomy_id":400,"taxonomy":"post_tag","description":"","parent":0,"count":7,"filter":"raw"},{"term_id":407,"name":"Gen\u00e8ve","slug":"geneve","term_group":0,"term_taxonomy_id":416,"taxonomy":"post_tag","description":"","parent":0,"count":14,"filter":"raw"},{"term_id":519,"name":"Lausanne","slug":"lausanne","term_group":0,"term_taxonomy_id":532,"taxonomy":"post_tag","description":"","parent":0,"count":8,"filter":"raw"},{"term_id":622,"name":"Neuch\u00e2tel","slug":"neuchatel","term_group":0,"term_taxonomy_id":640,"taxonomy":"post_tag","description":"","parent":0,"count":9,"filter":"raw"},{"term_id":661,"name":"Paris","slug":"paris","term_group":0,"term_taxonomy_id":680,"taxonomy":"post_tag","description":"","parent":0,"count":11,"filter":"raw"},{"term_id":881,"name":"TGV","slug":"tgv","term_group":0,"term_taxonomy_id":906,"taxonomy":"post_tag","description":"","parent":0,"count":9,"filter":"raw"},{"term_id":980,"name":"Zurich","slug":"zurich","term_group":0,"term_taxonomy_id":1005,"taxonomy":"post_tag","description":"","parent":0,"count":19,"filter":"raw"}],"jetpack_sharing_enabled":true,"jetpack_likes_enabled":true,"jetpack-related-posts":[],"jetpack_featured_media_url":"","_links":{"self":[{"href":"https:\/\/achat.suisse-blog.ch\/de\/wp-json\/wp\/v2\/posts\/649","targetHints":{"allow":["GET"]}}],"collection":[{"href":"https:\/\/achat.suisse-blog.ch\/de\/wp-json\/wp\/v2\/posts"}],"about":[{"href":"https:\/\/achat.suisse-blog.ch\/de\/wp-json\/wp\/v2\/types\/post"}],"author":[{"embeddable":true,"href":"https:\/\/achat.suisse-blog.ch\/de\/wp-json\/wp\/v2\/users\/1"}],"replies":[{"embeddable":true,"href":"https:\/\/achat.suisse-blog.ch\/de\/wp-json\/wp\/v2\/comments?post=649"}],"version-history":[{"count":3,"href":"https:\/\/achat.suisse-blog.ch\/de\/wp-json\/wp\/v2\/posts\/649\/revisions"}],"predecessor-version":[{"id":651,"href":"https:\/\/achat.suisse-blog.ch\/de\/wp-json\/wp\/v2\/posts\/649\/revisions\/651"}],"wp:attachment":[{"href":"https:\/\/achat.suisse-blog.ch\/de\/wp-json\/wp\/v2\/media?parent=649"}],"wp:term":[{"taxonomy":"category","embeddable":true,"href":"https:\/\/achat.suisse-blog.ch\/de\/wp-json\/wp\/v2\/categories?post=649"},{"taxonomy":"post_tag","embeddable":true,"href":"https:\/\/achat.suisse-blog.ch\/de\/wp-json\/wp\/v2\/tags?post=649"}],"curies":[{"name":"wp","href":"https:\/\/api.w.org\/{rel}","templated":true}]}}