{"id":666,"date":"2009-09-19T16:03:04","date_gmt":"2009-09-19T14:03:04","guid":{"rendered":"http:\/\/achat.suisse-blog.ch\/?p=666"},"modified":"2009-09-19T16:03:04","modified_gmt":"2009-09-19T14:03:04","slug":"concours-nestle","status":"publish","type":"post","link":"https:\/\/achat.suisse-blog.ch\/de\/666\/concours-nestle\/","title":{"rendered":"Concours Nestl\u00e9"},"content":{"rendered":"<figure id=\"attachment_670\" aria-describedby=\"caption-attachment-670\" style=\"width: 150px\" class=\"wp-caption alignleft\"><img decoding=\"async\" class=\"size-thumbnail wp-image-670 lazyload\" title=\"concours-nestle-vwpolo\" data-src=\"http:\/\/achat.suisse-blog.ch\/wp-content\/uploads\/2009\/09\/concours-nestle-vwpolo-150x150.jpg\" alt=\"concours-nestle-vwpolo\" width=\"150\" height=\"150\" src=\"data:image\/svg+xml;base64,PHN2ZyB3aWR0aD0iMSIgaGVpZ2h0PSIxIiB4bWxucz0iaHR0cDovL3d3dy53My5vcmcvMjAwMC9zdmciPjwvc3ZnPg==\" style=\"--smush-placeholder-width: 150px; --smush-placeholder-aspect-ratio: 150\/150;\" \/><figcaption id=\"caption-attachment-670\" class=\"wp-caption-text\">La nouvelle Polo. Elle impressionne non seulement par sa carrosserie muscl\u00e9e, mais \u00e9galement par son respect de l&#39;environnement. Polo 1.2 l, 60 ch\/44 kW, consommation 5,5 l \/ 100 km* (consommation mixte)<\/figcaption><\/figure>\n<p>Concours Nestl\u00e9 avec leshop.ch<\/p>\n<p>Gagnez la nouvelle VW Polo ou l\u2019une des 100 machines \u00e0 caf\u00e9 NESCAF\u00c9\u00ae Dolce Gusto\u00ae!<\/p>\n<p><a href=\"http:\/\/clk.tradedoubler.com\/click?p=31182&amp;a=1401567&amp;g=16138342\" target=\"_BLANK\" rel=\"noopener\"><img decoding=\"async\" src=\"http:\/\/impch.tradedoubler.com\/imp?type(img)g(16138342)a(1401567)\" border=\"0\" alt=\"\" \/><\/a><\/p>\n<p>Commandez au moins un produit du Festival Nestl\u00e9 jusqu\u2019au 27 septembre 2009 et participez automatiquement au tirage au sort.<\/p>\n<p>Le concours se terminera le 27 septembre, n&rsquo;attendez plus.<\/p>","protected":false},"excerpt":{"rendered":"<p>Concours Nestl\u00e9 avec leshop.ch Gagnez la nouvelle VW Polo ou l\u2019une des 100 machines \u00e0 caf\u00e9 NESCAF\u00c9\u00ae Dolce Gusto\u00ae! Commandez au moins un produit du Festival Nestl\u00e9 jusqu\u2019au 27 septembre 2009 et participez automatiquement au tirage au sort. Le concours se terminera le 27 septembre, n&rsquo;attendez plus.<\/p>","protected":false},"author":1,"featured_media":0,"comment_status":"open","ping_status":"open","sticky":false,"template":"","format":"standard","meta":{"_kad_blocks_custom_css":"","_kad_blocks_head_custom_js":"","_kad_blocks_body_custom_js":"","_kad_blocks_footer_custom_js":"","_kadence_starter_templates_imported_post":false,"_kad_post_transparent":"","_kad_post_title":"","_kad_post_layout":"","_kad_post_sidebar_id":"","_kad_post_content_style":"","_kad_post_vertical_padding":"","_kad_post_feature":"","_kad_post_feature_position":"","_kad_post_header":false,"_kad_post_footer":false,"_kad_post_classname":"","_jetpack_newsletter_access":"","_jetpack_dont_email_post_to_subs":false,"_jetpack_newsletter_tier_id":0,"_jetpack_memberships_contains_paywalled_content":false,"_jetpack_feature_clip_id":0,"_jetpack_memberships_contains_paid_content":false,"footnotes":"","jetpack_post_was_ever_published":false},"categories":[242],"tags":[1183,1210,526,621,887],"class_list":["post-666","post","type-post","status-publish","format-standard","hentry","category-concours","tag-achat","tag-concours","tag-leshop","tag-nestle","tag-tirage"],"views":1609,"taxonomy_info":{"category":[{"value":242,"label":"Concours"}],"post_tag":[{"value":1183,"label":"Commerce"},{"value":1210,"label":"Concours"},{"value":526,"label":"LeShop"},{"value":621,"label":"Nestl\u00e9"},{"value":887,"label":"Tirage"}]},"featured_image_src_large":false,"author_info":{"display_name":"Achat online suisse","author_link":"https:\/\/achat.suisse-blog.ch\/de\/author\/admin\/"},"comment_info":0,"category_info":[{"term_id":242,"name":"Concours","slug":"concours","term_group":0,"term_taxonomy_id":1052,"taxonomy":"category","description":"","parent":19,"count":4,"filter":"raw","cat_ID":242,"category_count":4,"category_description":"","cat_name":"Concours","category_nicename":"concours","category_parent":19}],"tag_info":[{"term_id":1183,"name":"Commerce","slug":"achat","term_group":0,"term_taxonomy_id":51,"taxonomy":"post_tag","description":"","parent":0,"count":63,"filter":"raw"},{"term_id":1210,"name":"Concours","slug":"concours","term_group":0,"term_taxonomy_id":246,"taxonomy":"post_tag","description":"","parent":0,"count":7,"filter":"raw"},{"term_id":526,"name":"LeShop","slug":"leshop","term_group":0,"term_taxonomy_id":539,"taxonomy":"post_tag","description":"","parent":0,"count":7,"filter":"raw"},{"term_id":621,"name":"Nestl\u00e9","slug":"nestle","term_group":0,"term_taxonomy_id":639,"taxonomy":"post_tag","description":"","parent":0,"count":2,"filter":"raw"},{"term_id":887,"name":"Tirage","slug":"tirage","term_group":0,"term_taxonomy_id":912,"taxonomy":"post_tag","description":"","parent":0,"count":4,"filter":"raw"}],"jetpack_sharing_enabled":true,"jetpack_likes_enabled":true,"jetpack-related-posts":[],"jetpack_featured_media_url":"","_links":{"self":[{"href":"https:\/\/achat.suisse-blog.ch\/de\/wp-json\/wp\/v2\/posts\/666","targetHints":{"allow":["GET"]}}],"collection":[{"href":"https:\/\/achat.suisse-blog.ch\/de\/wp-json\/wp\/v2\/posts"}],"about":[{"href":"https:\/\/achat.suisse-blog.ch\/de\/wp-json\/wp\/v2\/types\/post"}],"author":[{"embeddable":true,"href":"https:\/\/achat.suisse-blog.ch\/de\/wp-json\/wp\/v2\/users\/1"}],"replies":[{"embeddable":true,"href":"https:\/\/achat.suisse-blog.ch\/de\/wp-json\/wp\/v2\/comments?post=666"}],"version-history":[{"count":2,"href":"https:\/\/achat.suisse-blog.ch\/de\/wp-json\/wp\/v2\/posts\/666\/revisions"}],"predecessor-version":[{"id":674,"href":"https:\/\/achat.suisse-blog.ch\/de\/wp-json\/wp\/v2\/posts\/666\/revisions\/674"}],"wp:attachment":[{"href":"https:\/\/achat.suisse-blog.ch\/de\/wp-json\/wp\/v2\/media?parent=666"}],"wp:term":[{"taxonomy":"category","embeddable":true,"href":"https:\/\/achat.suisse-blog.ch\/de\/wp-json\/wp\/v2\/categories?post=666"},{"taxonomy":"post_tag","embeddable":true,"href":"https:\/\/achat.suisse-blog.ch\/de\/wp-json\/wp\/v2\/tags?post=666"}],"curies":[{"name":"wp","href":"https:\/\/api.w.org\/{rel}","templated":true}]}}