{"id":742,"date":"2009-11-24T03:45:05","date_gmt":"2009-11-24T01:45:05","guid":{"rendered":"http:\/\/achat.suisse-blog.ch\/?p=742"},"modified":"2009-11-25T10:08:33","modified_gmt":"2009-11-25T08:08:33","slug":"les-suisses-voyages-beaucoup","status":"publish","type":"post","link":"https:\/\/achat.suisse-blog.ch\/de\/742\/les-suisses-voyages-beaucoup\/","title":{"rendered":"Les suisses voyages beaucoup"},"content":{"rendered":"<p style=\"text-align: justify;\"><img decoding=\"async\" class=\"alignleft size-thumbnail wp-image-405 lazyload\" title=\"avion in the sky\" data-src=\"http:\/\/achat.suisse-blog.ch\/wp-content\/uploads\/2009\/05\/avion-ciel-150x150.jpg\" alt=\"avion in the sky\" width=\"150\" height=\"150\" data-srcset=\"https:\/\/achat.suisse-blog.ch\/wp-content\/uploads\/2009\/05\/avion-ciel-150x150.jpg 150w, https:\/\/achat.suisse-blog.ch\/wp-content\/uploads\/2009\/05\/avion-ciel-300x300.jpg 300w, https:\/\/achat.suisse-blog.ch\/wp-content\/uploads\/2009\/05\/avion-ciel.jpg 690w\" data-sizes=\"(max-width: 150px) 100vw, 150px\" src=\"data:image\/svg+xml;base64,PHN2ZyB3aWR0aD0iMSIgaGVpZ2h0PSIxIiB4bWxucz0iaHR0cDovL3d3dy53My5vcmcvMjAwMC9zdmciPjwvc3ZnPg==\" style=\"--smush-placeholder-width: 150px; --smush-placeholder-aspect-ratio: 150\/150;\" \/>Les r\u00e9sidents suisses (env. 7 millions) ont entrepris pr\u00e8s de 100 millions de voyages l&rsquo;an dernier, la crise n&rsquo;a pas frein\u00e9 les d\u00e9placements qui ont toujours une tendance haussi\u00e8re. 83.5% de la population a eu un s\u00e9jour d&rsquo;au moins deux jours hors de son domicile dans une structure d&rsquo;accueil h\u00f4teli\u00e8res ou autres tels que les campings, auberges o\u00f9 chambre d&rsquo;h\u00f4tes. L&rsquo;Office F\u00e9d\u00e9rale de la Statistique (OFS) a de plus publi\u00e9 aussi des moyennes: 3,2 voyages de minimum 2 nuit\u00e9es par personne et 12,7 voyages d&rsquo;un jour.<\/p>\n<p style=\"text-align: justify;\">L&rsquo;Allemagne est la destination \u00e9trang\u00e8re la plus pris\u00e9e des voyageurs suisses. Malgr\u00e9 la perte de vitesse, notre pays reste encore le principal lieu de vill\u00e9giature avec 45% des nuit\u00e9es enregistr\u00e9es par la population r\u00e9sidente. Apr\u00e8s notre voisin du nord, viennent ensuite les autres voisins avec dans l&rsquo;ordre, la France, l&rsquo;Italie et l&rsquo;Autriche.<\/p>\n<p style=\"text-align: justify;\">L&rsquo;OFS publie aussi des chiffres sur les montants moyens d\u00e9pens\u00e9s pour voyager: 148 francs par jour (31 .- de plus que le montant de 2003).<\/p>\n<p style=\"text-align: justify;\">Pour voyager moins cher, \u00a0plusieurs voyagistes Low Cost proposent des billet d&rsquo;avion, s\u00e9jours, \u00a0croisi\u00e8re ou autres \u00e0 \u00a0des prix tr\u00e8s int\u00e9ressant:<\/p>\n<p style=\"text-align: justify;\">Ebookers:<\/p>\n<p>Par exemple:<br \/>\nLe Cap avec Etihad Airways pour CHF 937.- tout compris en r\u00e9servant jusqu\u2019au 11 d\u00e9cembre et profitez de l\u2019Afrique du Sud jusqu\u2019\u00e0 fin mars.<br \/>\nWeek-end \u00e0 Prague jusqu\u2019au 31.01: vol + 2 nuits d\u00e8s CHF 269.- par personne taxes comprises.<br \/>\nFl\u00e2nez \u00e0 Vienne: vol d\u00e9part Gen\u00e8ve + 2 nuits en h\u00f4tel**** jusqu\u2019au 31.01. d\u00e8s CHF 357.- par pers. taxes comprises<br \/>\nNous vous offrons 3 nuits pour le prix de 2 \u00e0 l\u2019h\u00f4tel Regente*** \u00e0 Madrid pour seulement CHF 246.- par personnes!<br \/>\nWeek-end \u00e0 Stockholm d\u2019ici fin janvier: vol + 2 nuits en h\u00f4tel 4 \u00e9toiles d\u00e8s CHF 397.- par personnes&#8230;<br \/>\n<a href=\"http:\/\/clk.tradedoubler.com\/click?p=18856&amp;a=1401567&amp;g=17653648\" target=\"_BLANK\" rel=\"noopener\"><img decoding=\"async\" src=\"http:\/\/impch.tradedoubler.com\/imp?type(img)g(17653648)a(1401567)\" border=\"0\" alt=\"\" \/><\/a><\/p>\n<p>opodo.ch vol et voyages:<\/p>\n<p><a href=\"http:\/\/clk.tradedoubler.com\/click?p=59226&amp;a=1401567&amp;g=16816420\" target=\"_BLANK\" rel=\"noopener\"><img decoding=\"async\" src=\"http:\/\/impch.tradedoubler.com\/imp?type(img)g(16816420)a(1401567)\" border=\"0\" alt=\"\" \/><\/a><\/p>\n<p>Terminal A billet d&rsquo;avion:<br \/>\n<a href=\"http:\/\/clk.tradedoubler.com\/click?p=61687&amp;a=1401567&amp;g=17096170\" target=\"_BLANK\" rel=\"noopener\"><img decoding=\"async\" src=\"http:\/\/impch.tradedoubler.com\/imp?type(img)g(17096170)a(1401567)\" border=\"0\" alt=\"\" \/><\/a><\/p>","protected":false},"excerpt":{"rendered":"<p>Les r\u00e9sidents suisses (env. 7 millions) ont entrepris pr\u00e8s de 100 millions de voyages l&rsquo;an dernier, la crise n&rsquo;a pas frein\u00e9 les d\u00e9placements qui ont toujours une tendance haussi\u00e8re. 83.5% de la population a eu un s\u00e9jour d&rsquo;au moins deux jours hors de son domicile dans une structure d&rsquo;accueil h\u00f4teli\u00e8res ou autres tels que les&#8230;<\/p>","protected":false},"author":1,"featured_media":0,"comment_status":"open","ping_status":"open","sticky":false,"template":"","format":"standard","meta":{"_kad_blocks_custom_css":"","_kad_blocks_head_custom_js":"","_kad_blocks_body_custom_js":"","_kad_blocks_footer_custom_js":"","_kadence_starter_templates_imported_post":false,"_kad_post_transparent":"","_kad_post_title":"","_kad_post_layout":"","_kad_post_sidebar_id":"","_kad_post_content_style":"","_kad_post_vertical_padding":"","_kad_post_feature":"","_kad_post_feature_position":"","_kad_post_header":false,"_kad_post_footer":false,"_kad_post_classname":"","_jetpack_newsletter_access":"","_jetpack_dont_email_post_to_subs":false,"_jetpack_newsletter_tier_id":0,"_jetpack_memberships_contains_paywalled_content":false,"_jetpack_feature_clip_id":0,"_jetpack_memberships_contains_paid_content":false,"footnotes":"","jetpack_post_was_ever_published":false},"categories":[1016,1018],"tags":[1006,1010,212,309,390,549,1041,647,666,699,776,944,947],"class_list":["post-742","post","type-post","status-publish","format-standard","hentry","category-billet-avion-vacances-voyages","category-sejour-vacances-voyages","tag-allemagne","tag-camping","tag-chf","tag-ebooker","tag-france","tag-low-cost","tag-ofs","tag-opodoch","tag-pays","tag-prix","tag-sejour","tag-vol","tag-voyage"],"views":218,"taxonomy_info":{"category":[{"value":1016,"label":"Billet d'avion"},{"value":1018,"label":"S\u00e9jour"}],"post_tag":[{"value":1006,"label":"Allemagne"},{"value":1010,"label":"camping"},{"value":212,"label":"CHF"},{"value":309,"label":"ebooker"},{"value":390,"label":"France"},{"value":549,"label":"low cost"},{"value":1041,"label":"OFS"},{"value":647,"label":"Opodo.ch"},{"value":666,"label":"pays"},{"value":699,"label":"prix"},{"value":776,"label":"s\u00e9jour"},{"value":944,"label":"vol"},{"value":947,"label":"voyage"}]},"featured_image_src_large":false,"author_info":{"display_name":"Achat online suisse","author_link":"https:\/\/achat.suisse-blog.ch\/de\/author\/admin\/"},"comment_info":0,"category_info":[{"term_id":1016,"name":"Billet d'avion","slug":"billet-avion-vacances-voyages","term_group":0,"term_taxonomy_id":1041,"taxonomy":"category","description":"Billet d'avion","parent":34,"count":10,"filter":"raw","cat_ID":1016,"category_count":10,"category_description":"Billet d'avion","cat_name":"Billet d'avion","category_nicename":"billet-avion-vacances-voyages","category_parent":34},{"term_id":1018,"name":"S\u00e9jour","slug":"sejour-vacances-voyages","term_group":0,"term_taxonomy_id":1043,"taxonomy":"category","description":"S\u00e9jour week-end","parent":34,"count":8,"filter":"raw","cat_ID":1018,"category_count":8,"category_description":"S\u00e9jour week-end","cat_name":"S\u00e9jour","category_nicename":"sejour-vacances-voyages","category_parent":34}],"tag_info":[{"term_id":1006,"name":"Allemagne","slug":"allemagne","term_group":0,"term_taxonomy_id":1031,"taxonomy":"post_tag","description":"","parent":0,"count":3,"filter":"raw"},{"term_id":1010,"name":"camping","slug":"camping","term_group":0,"term_taxonomy_id":1035,"taxonomy":"post_tag","description":"","parent":0,"count":3,"filter":"raw"},{"term_id":212,"name":"CHF","slug":"chf","term_group":0,"term_taxonomy_id":216,"taxonomy":"post_tag","description":"","parent":0,"count":10,"filter":"raw"},{"term_id":309,"name":"ebooker","slug":"ebooker","term_group":0,"term_taxonomy_id":316,"taxonomy":"post_tag","description":"","parent":0,"count":2,"filter":"raw"},{"term_id":390,"name":"France","slug":"france","term_group":0,"term_taxonomy_id":399,"taxonomy":"post_tag","description":"","parent":0,"count":14,"filter":"raw"},{"term_id":549,"name":"low cost","slug":"low-cost","term_group":0,"term_taxonomy_id":562,"taxonomy":"post_tag","description":"","parent":0,"count":13,"filter":"raw"},{"term_id":1041,"name":"OFS","slug":"ofs","term_group":0,"term_taxonomy_id":1067,"taxonomy":"post_tag","description":"","parent":0,"count":1,"filter":"raw"},{"term_id":647,"name":"Opodo.ch","slug":"opodoch","term_group":0,"term_taxonomy_id":665,"taxonomy":"post_tag","description":"","parent":0,"count":4,"filter":"raw"},{"term_id":666,"name":"pays","slug":"pays","term_group":0,"term_taxonomy_id":685,"taxonomy":"post_tag","description":"","parent":0,"count":7,"filter":"raw"},{"term_id":699,"name":"prix","slug":"prix","term_group":0,"term_taxonomy_id":719,"taxonomy":"post_tag","description":"","parent":0,"count":56,"filter":"raw"},{"term_id":776,"name":"s\u00e9jour","slug":"sejour","term_group":0,"term_taxonomy_id":797,"taxonomy":"post_tag","description":"","parent":0,"count":7,"filter":"raw"},{"term_id":944,"name":"vol","slug":"vol","term_group":0,"term_taxonomy_id":969,"taxonomy":"post_tag","description":"","parent":0,"count":11,"filter":"raw"},{"term_id":947,"name":"voyage","slug":"voyage","term_group":0,"term_taxonomy_id":972,"taxonomy":"post_tag","description":"","parent":0,"count":19,"filter":"raw"}],"jetpack_sharing_enabled":true,"jetpack_likes_enabled":true,"jetpack-related-posts":[],"jetpack_featured_media_url":"","_links":{"self":[{"href":"https:\/\/achat.suisse-blog.ch\/de\/wp-json\/wp\/v2\/posts\/742","targetHints":{"allow":["GET"]}}],"collection":[{"href":"https:\/\/achat.suisse-blog.ch\/de\/wp-json\/wp\/v2\/posts"}],"about":[{"href":"https:\/\/achat.suisse-blog.ch\/de\/wp-json\/wp\/v2\/types\/post"}],"author":[{"embeddable":true,"href":"https:\/\/achat.suisse-blog.ch\/de\/wp-json\/wp\/v2\/users\/1"}],"replies":[{"embeddable":true,"href":"https:\/\/achat.suisse-blog.ch\/de\/wp-json\/wp\/v2\/comments?post=742"}],"version-history":[{"count":3,"href":"https:\/\/achat.suisse-blog.ch\/de\/wp-json\/wp\/v2\/posts\/742\/revisions"}],"predecessor-version":[{"id":744,"href":"https:\/\/achat.suisse-blog.ch\/de\/wp-json\/wp\/v2\/posts\/742\/revisions\/744"}],"wp:attachment":[{"href":"https:\/\/achat.suisse-blog.ch\/de\/wp-json\/wp\/v2\/media?parent=742"}],"wp:term":[{"taxonomy":"category","embeddable":true,"href":"https:\/\/achat.suisse-blog.ch\/de\/wp-json\/wp\/v2\/categories?post=742"},{"taxonomy":"post_tag","embeddable":true,"href":"https:\/\/achat.suisse-blog.ch\/de\/wp-json\/wp\/v2\/tags?post=742"}],"curies":[{"name":"wp","href":"https:\/\/api.w.org\/{rel}","templated":true}]}}