{"id":787,"date":"2009-12-21T18:03:15","date_gmt":"2009-12-21T16:03:15","guid":{"rendered":"http:\/\/achat.suisse-blog.ch\/?p=787"},"modified":"2009-12-21T18:03:15","modified_gmt":"2009-12-21T16:03:15","slug":"produits-cosmetique-tendances-pierre-ricaud","status":"publish","type":"post","link":"https:\/\/achat.suisse-blog.ch\/de\/787\/produits-cosmetique-tendances-pierre-ricaud\/","title":{"rendered":"Produits cosm\u00e9tique tendances: Pierre Ricaud"},"content":{"rendered":"<figure id=\"attachment_806\" aria-describedby=\"caption-attachment-806\" style=\"width: 150px\" class=\"wp-caption alignleft\"><img decoding=\"async\" class=\"size-thumbnail wp-image-806 lazyload\" title=\"ricaud-produits\" data-src=\"http:\/\/achat.suisse-blog.ch\/wp-content\/uploads\/2009\/12\/ricaud-produits-150x150.jpg\" alt=\"Produits cosm\u00e9tiques Pierre Ricaud\" width=\"150\" height=\"150\" src=\"data:image\/svg+xml;base64,PHN2ZyB3aWR0aD0iMSIgaGVpZ2h0PSIxIiB4bWxucz0iaHR0cDovL3d3dy53My5vcmcvMjAwMC9zdmciPjwvc3ZnPg==\" style=\"--smush-placeholder-width: 150px; --smush-placeholder-aspect-ratio: 150\/150;\" \/><figcaption id=\"caption-attachment-806\" class=\"wp-caption-text\">Produits cosm\u00e9tiques Pierre Ricaud<\/figcaption><\/figure>\n<p>Le r\u00e9tinol est bien connu pour son efficacit\u00e9 \u00e0 lutter contre l\u2019apparition des rides. Mais, savez-vous qu\u2019il est tr\u00e8s sensible \u00e0 la lumi\u00e8re du jour\u00a0? C\u2019est la raison pour laquelle Pierre Ricaud introduit du r\u00e9tinol dans ses cr\u00e8mes de nuit.<\/p>\n<p><img decoding=\"async\" class=\"size-full wp-image-788 alignleft lazyload\" title=\"miniature-cons-parlent\" data-src=\"http:\/\/achat.suisse-blog.ch\/wp-content\/uploads\/2009\/12\/miniature-cons-parlent.jpg\" alt=\"miniature-cons-parlent\" width=\"80\" height=\"60\" src=\"data:image\/svg+xml;base64,PHN2ZyB3aWR0aD0iMSIgaGVpZ2h0PSIxIiB4bWxucz0iaHR0cDovL3d3dy53My5vcmcvMjAwMC9zdmciPjwvc3ZnPg==\" style=\"--smush-placeholder-width: 80px; --smush-placeholder-aspect-ratio: 80\/60;\" \/><\/p>\n<p>Le r\u00e9tinol r\u00e9duit les rides en relan\u00e7ant un processus de r\u00e9g\u00e9n\u00e9ration cellulaire. Il stimule de production de fibres de soutien de votre peau et re-densifie le derme. Si vous utilisez un peeling \u00e0 l\u2019acide \u00e9viter de l\u2019associer \u00e0 l\u2019utilisation d\u2019un soin au r\u00e9tinol. Mieux vaux alterner l\u2019utilisation de ces 2 produits, car vou risqueriez d trop en imposer \u00e0 votre peau si d\u00e9licate.<\/p>\n<p><img decoding=\"async\" class=\"size-full wp-image-789 alignright lazyload\" title=\"miniature-diag-beaute\" data-src=\"http:\/\/achat.suisse-blog.ch\/wp-content\/uploads\/2009\/12\/miniature-diag-beaute.jpg\" alt=\"miniature-diag-beaute\" width=\"80\" height=\"60\" src=\"data:image\/svg+xml;base64,PHN2ZyB3aWR0aD0iMSIgaGVpZ2h0PSIxIiB4bWxucz0iaHR0cDovL3d3dy53My5vcmcvMjAwMC9zdmciPjwvc3ZnPg==\" style=\"--smush-placeholder-width: 80px; --smush-placeholder-aspect-ratio: 80\/60;\" \/><\/p>\n<p>Vous utiliserez avec plaisir la cure de 21 nuits \u00ab\u00a0intervention Collag\u00e8ne\u00a0\u00bbpour remodeler votre visage. Votre peau sera v\u00e9ritablement plus ferme \u00e0 92% (v\u00e9rifi\u00e9 sous contr\u00f4le dermatologique aupr\u00e8s de 25 femmes \u00e0 raison d&rsquo;une application le soir sur le visage et le cou pendant 21 jours.)<\/p>\n<p><img decoding=\"async\" class=\"size-full wp-image-790 alignleft lazyload\" title=\"miniature-leconsmaquillage\" data-src=\"http:\/\/achat.suisse-blog.ch\/wp-content\/uploads\/2009\/12\/miniature-leconsmaquillage.jpg\" alt=\"miniature-leconsmaquillage\" width=\"80\" height=\"60\" src=\"data:image\/svg+xml;base64,PHN2ZyB3aWR0aD0iMSIgaGVpZ2h0PSIxIiB4bWxucz0iaHR0cDovL3d3dy53My5vcmcvMjAwMC9zdmciPjwvc3ZnPg==\" style=\"--smush-placeholder-width: 80px; --smush-placeholder-aspect-ratio: 80\/60;\" \/><\/p>\n<p>Savez-vous que l\u2019expression de votre regard r\u00e9v\u00e8le votre beaut\u00e9\u00a0? \u00a0Pierre Ricaud a cr\u00e9\u00e9 sp\u00e9cialement pour vous le Duo Regard Jeunesse Soin Liftant Spectaculaire + Anti-cernes, Intervention Collag\u00e8ne &#8211; Soin Lifting Regard Paupi\u00e8res retendues, contour de l&rsquo;\u0153il liss\u00e9 !<\/p>\n<p>Mais aussi, Renaissance Regard Soin de Nuit Soin regard anti-poches, anti-cernes.<\/p>\n<p><img decoding=\"async\" class=\"size-full wp-image-791 alignright lazyload\" title=\"miniature-cons-adres2\" data-src=\"http:\/\/achat.suisse-blog.ch\/wp-content\/uploads\/2009\/12\/miniature-cons-adres2.jpg\" alt=\"miniature-cons-adres2\" width=\"80\" height=\"60\" src=\"data:image\/svg+xml;base64,PHN2ZyB3aWR0aD0iMSIgaGVpZ2h0PSIxIiB4bWxucz0iaHR0cDovL3d3dy53My5vcmcvMjAwMC9zdmciPjwvc3ZnPg==\" style=\"--smush-placeholder-width: 80px; --smush-placeholder-aspect-ratio: 80\/60;\" \/><\/p>\n<p>Il y a tant de produits pour prendre soins de vous chez Pierre Ricaud que je vous invite \u00e0 les d\u00e9couvrir en visitant son site \u00e0 l\u2019aide de ce lien\u00a0:<\/p>\n<div><a title=\"Dr. Pierre Ricaud DE\" href=\"http:\/\/bcbg12.admin.carrefourinternet.com\/produit.asp?i=5535&amp;i_catego=90&amp;r=ricaud&amp;c=0&amp;p=1&amp;i_pays=0\" target=\"_blank\" rel=\"noopener\"> <img decoding=\"async\" src=\"http:\/\/ad.zanox.com\/ppv\/?11073799C1614852512\" alt=\"Dr. Pierre Ricaud DE\" width=\"114\" \/> <\/a><\/div>\n<div><\/div>\n<p><span style=\"text-decoration: none; color: #4b9600;\"><strong>Remise en argent :3.00\u00a0%<\/strong><\/span><\/p>\n<p><strong><\/strong><a href=\"http:\/\/bcbg12.admin.carrefourinternet.com\/categorie.asp?i=90\" target=\"_blank\" rel=\"noopener\"><br \/>\n<\/a><\/p>","protected":false},"excerpt":{"rendered":"<p>Le r\u00e9tinol est bien connu pour son efficacit\u00e9 \u00e0 lutter contre l\u2019apparition des rides. Mais, savez-vous qu\u2019il est tr\u00e8s sensible \u00e0 la lumi\u00e8re du jour\u00a0? C\u2019est la raison pour laquelle Pierre Ricaud introduit du r\u00e9tinol dans ses cr\u00e8mes de nuit. Le r\u00e9tinol r\u00e9duit les rides en relan\u00e7ant un processus de r\u00e9g\u00e9n\u00e9ration cellulaire. Il stimule de&#8230;<\/p>","protected":false},"author":2,"featured_media":0,"comment_status":"open","ping_status":"open","sticky":false,"template":"","format":"standard","meta":{"_kad_blocks_custom_css":"","_kad_blocks_head_custom_js":"","_kad_blocks_body_custom_js":"","_kad_blocks_footer_custom_js":"","_kadence_starter_templates_imported_post":false,"_kad_post_transparent":"","_kad_post_title":"","_kad_post_layout":"","_kad_post_sidebar_id":"","_kad_post_content_style":"","_kad_post_vertical_padding":"","_kad_post_feature":"","_kad_post_feature_position":"","_kad_post_header":false,"_kad_post_footer":false,"_kad_post_classname":"","_jetpack_newsletter_access":"","_jetpack_dont_email_post_to_subs":false,"_jetpack_newsletter_tier_id":0,"_jetpack_memberships_contains_paywalled_content":false,"_jetpack_feature_clip_id":0,"_jetpack_memberships_contains_paid_content":false,"footnotes":"","jetpack_post_was_ever_published":false},"categories":[28],"tags":[127,1030,1183,258,1211,485,702,745,838],"class_list":["post-787","post","type-post","status-publish","format-standard","hentry","category-produits-cosmetiques-beaute","tag-beaute","tag-carrefourinternet","tag-achat","tag-cosmetique","tag-femme","tag-jeune","tag-produits","tag-ricaud","tag-suisse"],"views":2924,"taxonomy_info":{"category":[{"value":28,"label":"Produits cosm\u00e9tiques beaut\u00e9"}],"post_tag":[{"value":127,"label":"Beaut\u00e9"},{"value":1030,"label":"carrefourinternet"},{"value":1183,"label":"Commerce"},{"value":258,"label":"cosm\u00e9tique"},{"value":1211,"label":"Femme"},{"value":485,"label":"jeune"},{"value":702,"label":"Produits"},{"value":745,"label":"Ricaud"},{"value":838,"label":"suisse"}]},"featured_image_src_large":false,"author_info":{"display_name":"chantal","author_link":"https:\/\/achat.suisse-blog.ch\/de\/author\/chantal\/"},"comment_info":1,"category_info":[{"term_id":28,"name":"Produits cosm\u00e9tiques beaut\u00e9","slug":"produits-cosmetiques-beaute","term_group":0,"term_taxonomy_id":28,"taxonomy":"category","description":"","parent":360,"count":9,"filter":"raw","cat_ID":28,"category_count":9,"category_description":"","cat_name":"Produits cosm\u00e9tiques beaut\u00e9","category_nicename":"produits-cosmetiques-beaute","category_parent":360}],"tag_info":[{"term_id":127,"name":"Beaut\u00e9","slug":"beaute","term_group":0,"term_taxonomy_id":128,"taxonomy":"post_tag","description":"","parent":0,"count":8,"filter":"raw"},{"term_id":1030,"name":"carrefourinternet","slug":"carrefourinternet","term_group":0,"term_taxonomy_id":1056,"taxonomy":"post_tag","description":"","parent":0,"count":3,"filter":"raw"},{"term_id":1183,"name":"Commerce","slug":"achat","term_group":0,"term_taxonomy_id":51,"taxonomy":"post_tag","description":"","parent":0,"count":63,"filter":"raw"},{"term_id":258,"name":"cosm\u00e9tique","slug":"cosmetique","term_group":0,"term_taxonomy_id":263,"taxonomy":"post_tag","description":"","parent":0,"count":13,"filter":"raw"},{"term_id":1211,"name":"Femme","slug":"femme","term_group":0,"term_taxonomy_id":368,"taxonomy":"post_tag","description":"","parent":0,"count":13,"filter":"raw"},{"term_id":485,"name":"jeune","slug":"jeune","term_group":0,"term_taxonomy_id":498,"taxonomy":"post_tag","description":"","parent":0,"count":2,"filter":"raw"},{"term_id":702,"name":"Produits","slug":"produits","term_group":0,"term_taxonomy_id":722,"taxonomy":"post_tag","description":"","parent":0,"count":14,"filter":"raw"},{"term_id":745,"name":"Ricaud","slug":"ricaud","term_group":0,"term_taxonomy_id":766,"taxonomy":"post_tag","description":"","parent":0,"count":2,"filter":"raw"},{"term_id":838,"name":"suisse","slug":"suisse","term_group":0,"term_taxonomy_id":862,"taxonomy":"post_tag","description":"","parent":0,"count":60,"filter":"raw"}],"jetpack_sharing_enabled":true,"jetpack_likes_enabled":true,"jetpack-related-posts":[],"jetpack_featured_media_url":"","_links":{"self":[{"href":"https:\/\/achat.suisse-blog.ch\/de\/wp-json\/wp\/v2\/posts\/787","targetHints":{"allow":["GET"]}}],"collection":[{"href":"https:\/\/achat.suisse-blog.ch\/de\/wp-json\/wp\/v2\/posts"}],"about":[{"href":"https:\/\/achat.suisse-blog.ch\/de\/wp-json\/wp\/v2\/types\/post"}],"author":[{"embeddable":true,"href":"https:\/\/achat.suisse-blog.ch\/de\/wp-json\/wp\/v2\/users\/2"}],"replies":[{"embeddable":true,"href":"https:\/\/achat.suisse-blog.ch\/de\/wp-json\/wp\/v2\/comments?post=787"}],"version-history":[{"count":3,"href":"https:\/\/achat.suisse-blog.ch\/de\/wp-json\/wp\/v2\/posts\/787\/revisions"}],"predecessor-version":[{"id":812,"href":"https:\/\/achat.suisse-blog.ch\/de\/wp-json\/wp\/v2\/posts\/787\/revisions\/812"}],"wp:attachment":[{"href":"https:\/\/achat.suisse-blog.ch\/de\/wp-json\/wp\/v2\/media?parent=787"}],"wp:term":[{"taxonomy":"category","embeddable":true,"href":"https:\/\/achat.suisse-blog.ch\/de\/wp-json\/wp\/v2\/categories?post=787"},{"taxonomy":"post_tag","embeddable":true,"href":"https:\/\/achat.suisse-blog.ch\/de\/wp-json\/wp\/v2\/tags?post=787"}],"curies":[{"name":"wp","href":"https:\/\/api.w.org\/{rel}","templated":true}]}}