{"id":851,"date":"2010-02-06T16:19:17","date_gmt":"2010-02-06T14:19:17","guid":{"rendered":"http:\/\/achat.suisse-blog.ch\/?p=851"},"modified":"2010-02-06T16:19:17","modified_gmt":"2010-02-06T14:19:17","slug":"apple-apres-12-ans-dinformatique-sur-pc","status":"publish","type":"post","link":"https:\/\/achat.suisse-blog.ch\/de\/851\/apple-apres-12-ans-dinformatique-sur-pc\/","title":{"rendered":"Apple: Apr\u00e8s 12 ans d&rsquo;informatique sur PC&#8230;"},"content":{"rendered":"<p style=\"text-align: justify;\"><strong>PC &#8211;&gt; Apple<\/strong><br \/>\nJe ne pensais pas faire ce pas un jour, car je n&rsquo;aimais pas le syst\u00e8me macOS. Je n&rsquo;ai jamais poss\u00e8d\u00e9 de mac personnellement, mais j&rsquo;en ai beaucoup utilis\u00e9s pendant mes ann\u00e9es d&rsquo;Universit\u00e9. Les points n\u00e9gatifs qui me retenaient dans le monde PC:<\/p>\n<ul style=\"text-align: justify;\">\n<li>Utilisation (raccourcis et t\u00e2che j&rsquo;ai toujours \u00e9t\u00e9 plus \u00e0 l&rsquo;aise pour les PC)<\/li>\n<li>Possibilit\u00e9 de param\u00e9trage et configuration mat\u00e9riel (le mac est livr\u00e9 tel quel avec peux de possibilit\u00e9s)<\/li>\n<li>Prix, depuis mes \u00e9tudes je n&rsquo;ai jamais roul\u00e9 sur lors et les prix d&rsquo;entr\u00e9e de gamme Apple ont toujours \u00e9t\u00e9 env. 2 fois plus cher que sur PC<\/li>\n<li>J&rsquo;ai des amis Am\u00e9ricain qui divinisent Apple et j&rsquo;\u00e9tais aussi r\u00e9fractaire en r\u00e9action \u00e0 leur louange partiale.<\/li>\n<\/ul>\n<div class=\"mceTemp\" style=\"text-align: justify;\">\n<dl id=\"attachment_558\" class=\"wp-caption alignleft\" style=\"width: 160px;\">\n<dt class=\"wp-caption-dt\"><img decoding=\"async\" class=\"size-thumbnail wp-image-558 lazyload\" title=\"apple-mac\" data-src=\"http:\/\/achat.suisse-blog.ch\/wp-content\/uploads\/2009\/06\/apple-mac-150x150.jpg\" alt=\"Apple inc.\" width=\"150\" height=\"150\" src=\"data:image\/svg+xml;base64,PHN2ZyB3aWR0aD0iMSIgaGVpZ2h0PSIxIiB4bWxucz0iaHR0cDovL3d3dy53My5vcmcvMjAwMC9zdmciPjwvc3ZnPg==\" style=\"--smush-placeholder-width: 150px; --smush-placeholder-aspect-ratio: 150\/150;\" \/><\/dt>\n<dd class=\"wp-caption-dd\">Apple inc.<\/dd>\n<\/dl>\n<\/div>\n<p style=\"text-align: justify;\"><a title=\"Apple store\" href=\"http:\/\/achat.suisse-blog.ch\/de\/557\/nouvelles-offres-dapple-suisse\/\">Achat de produit de la marque Apple<\/a><\/p>\n<p style=\"text-align: justify;\">J&rsquo;ai un iPod depuis 2 ans et je me suis petit rapproch\u00e9 du monde Apple (surtout suite au stupidit\u00e9 windows comme Vista&#8230;) poetit \u00e0 petit mais sans jamais faire le pas pour un iMac ou Macbook. Je me suis d\u00e9j\u00e0 pos\u00e9 la question en mai 2008 quand j&rsquo;ai du m&rsquo;acheter un nouveau notebook (<a title=\"Achat ordinateur portable\" href=\"http:\/\/achat.suisse-blog.ch\/de\/451\/conseils-achat-dun-ordinateur-portable\/\">conseils achat notebook Apple PC<\/a>). Mais je n&rsquo;ai pas eu le d\u00e9clic pour choisir Apple, m\u00eame si j&rsquo;y avais s\u00e9rieusement song\u00e9.<\/p>\n<p style=\"text-align: justify;\">Dans le courant de l&rsquo;ann\u00e9e 2009, mon PC de bureau bien customis\u00e9, qui tournait bien malgr\u00e9 son \u00e2ge avanc\u00e9, a plant\u00e9 (carte m\u00e8re grill\u00e9e) et j&rsquo;ai provisoirement utilis\u00e9 mon ordinateur portable pour mon travail. J&rsquo;avais dans la t\u00eate toujours l&rsquo;id\u00e9e de tent\u00e9 l&rsquo;aventure sur apple, mais cela voulait dire de repartir dans un monde diff\u00e9rent et surtout un monde que je critiquais et que je n&rsquo;appr\u00e9ciais guerre. Bref, en d\u00e9but 2010 avec des revenus en hausses j&rsquo;avais un capital pour investir dans un nouvel outil informatique, je me suis pench\u00e9 dans l&rsquo;univers Apple (j&rsquo;ai suivit un peu l&rsquo;actualit\u00e9 de l&rsquo;entreprise d&rsquo;ailleurs: <a title=\"Produits t actu de la marque Apple international\" href=\"http:\/\/www.suisse-blog.ch\/tag\/apple\/\">Apple actualit\u00e9<\/a> ) et voil\u00e0 que le 2 f\u00e9vrier apr\u00e8s avoir pris des renseignement un peu partout (j&rsquo;ai un beau fr\u00e8re \u00ab\u00a0geek\u00a0\u00bb qui est plong\u00e9 presque jour et nuit dans les technologies informatiques) j&rsquo;ai fait le pas, je me suis acheter un iMac 21.5&prime; sur l&rsquo;Apple store suisse avec une offre int\u00e9ressante d&rsquo;appareil reconditionn\u00e9. Le prix \u00e9tait d&rsquo;environ 20% moins cher que l&rsquo;appareil neuf actuel.<\/p>\n<p style=\"text-align: justify;\">Alors voil\u00e0, il fallait le relev\u00e9, cet article est le premier a \u00eatre r\u00e9dig\u00e9 sur du mat\u00e9riel Apple !<\/p>\n<p style=\"text-align: justify;\">Je vous tiendrai au courant sur mon avis et mes critiques sur mon nouveau mat\u00e9riel !<\/p>","protected":false},"excerpt":{"rendered":"<p>PC &#8211;&gt; Apple Je ne pensais pas faire ce pas un jour, car je n&rsquo;aimais pas le syst\u00e8me macOS. Je n&rsquo;ai jamais poss\u00e8d\u00e9 de mac personnellement, mais j&rsquo;en ai beaucoup utilis\u00e9s pendant mes ann\u00e9es d&rsquo;Universit\u00e9. Les points n\u00e9gatifs qui me retenaient dans le monde PC: Utilisation (raccourcis et t\u00e2che j&rsquo;ai toujours \u00e9t\u00e9 plus \u00e0 l&rsquo;aise&#8230;<\/p>","protected":false},"author":1,"featured_media":0,"comment_status":"open","ping_status":"open","sticky":false,"template":"","format":"standard","meta":{"_kad_blocks_custom_css":"","_kad_blocks_head_custom_js":"","_kad_blocks_body_custom_js":"","_kad_blocks_footer_custom_js":"","_kadence_starter_templates_imported_post":false,"_kad_post_transparent":"","_kad_post_title":"","_kad_post_layout":"","_kad_post_sidebar_id":"","_kad_post_content_style":"","_kad_post_vertical_padding":"","_kad_post_feature":"","_kad_post_feature_position":"","_kad_post_header":false,"_kad_post_footer":false,"_kad_post_classname":"","_jetpack_newsletter_access":"","_jetpack_dont_email_post_to_subs":false,"_jetpack_newsletter_tier_id":0,"_jetpack_memberships_contains_paywalled_content":false,"_jetpack_feature_clip_id":0,"_jetpack_memberships_contains_paid_content":false,"footnotes":"","jetpack_post_was_ever_published":false},"categories":[17],"tags":[85,88,1183,458,1193,579,667,699,868],"class_list":["post-851","post","type-post","status-publish","format-standard","hentry","category-informatique","tag-appareil","tag-apple","tag-achat","tag-imac","tag-informatique","tag-marque","tag-pc","tag-prix","tag-technologie"],"views":389,"taxonomy_info":{"category":[{"value":17,"label":"Informatique"}],"post_tag":[{"value":85,"label":"appareil"},{"value":88,"label":"Apple"},{"value":1183,"label":"Commerce"},{"value":458,"label":"iMac"},{"value":1193,"label":"Informatique"},{"value":579,"label":"Marque"},{"value":667,"label":"pc"},{"value":699,"label":"prix"},{"value":868,"label":"Technologie"}]},"featured_image_src_large":false,"author_info":{"display_name":"Achat online suisse","author_link":"https:\/\/achat.suisse-blog.ch\/de\/author\/admin\/"},"comment_info":0,"category_info":[{"term_id":17,"name":"Informatique","slug":"informatique","term_group":0,"term_taxonomy_id":17,"taxonomy":"category","description":"","parent":440,"count":17,"filter":"raw","cat_ID":17,"category_count":17,"category_description":"","cat_name":"Informatique","category_nicename":"informatique","category_parent":440}],"tag_info":[{"term_id":85,"name":"appareil","slug":"appareil","term_group":0,"term_taxonomy_id":86,"taxonomy":"post_tag","description":"","parent":0,"count":3,"filter":"raw"},{"term_id":88,"name":"Apple","slug":"apple","term_group":0,"term_taxonomy_id":89,"taxonomy":"post_tag","description":"","parent":0,"count":32,"filter":"raw"},{"term_id":1183,"name":"Commerce","slug":"achat","term_group":0,"term_taxonomy_id":51,"taxonomy":"post_tag","description":"","parent":0,"count":63,"filter":"raw"},{"term_id":458,"name":"iMac","slug":"imac","term_group":0,"term_taxonomy_id":467,"taxonomy":"post_tag","description":"","parent":0,"count":3,"filter":"raw"},{"term_id":1193,"name":"Informatique","slug":"informatique","term_group":0,"term_taxonomy_id":474,"taxonomy":"post_tag","description":"","parent":0,"count":25,"filter":"raw"},{"term_id":579,"name":"Marque","slug":"marque","term_group":0,"term_taxonomy_id":594,"taxonomy":"post_tag","description":"","parent":0,"count":18,"filter":"raw"},{"term_id":667,"name":"pc","slug":"pc","term_group":0,"term_taxonomy_id":686,"taxonomy":"post_tag","description":"","parent":0,"count":13,"filter":"raw"},{"term_id":699,"name":"prix","slug":"prix","term_group":0,"term_taxonomy_id":719,"taxonomy":"post_tag","description":"","parent":0,"count":56,"filter":"raw"},{"term_id":868,"name":"Technologie","slug":"technologie","term_group":0,"term_taxonomy_id":892,"taxonomy":"post_tag","description":"","parent":0,"count":4,"filter":"raw"}],"jetpack_sharing_enabled":true,"jetpack_likes_enabled":true,"jetpack-related-posts":[],"jetpack_featured_media_url":"","_links":{"self":[{"href":"https:\/\/achat.suisse-blog.ch\/de\/wp-json\/wp\/v2\/posts\/851","targetHints":{"allow":["GET"]}}],"collection":[{"href":"https:\/\/achat.suisse-blog.ch\/de\/wp-json\/wp\/v2\/posts"}],"about":[{"href":"https:\/\/achat.suisse-blog.ch\/de\/wp-json\/wp\/v2\/types\/post"}],"author":[{"embeddable":true,"href":"https:\/\/achat.suisse-blog.ch\/de\/wp-json\/wp\/v2\/users\/1"}],"replies":[{"embeddable":true,"href":"https:\/\/achat.suisse-blog.ch\/de\/wp-json\/wp\/v2\/comments?post=851"}],"version-history":[{"count":2,"href":"https:\/\/achat.suisse-blog.ch\/de\/wp-json\/wp\/v2\/posts\/851\/revisions"}],"predecessor-version":[{"id":853,"href":"https:\/\/achat.suisse-blog.ch\/de\/wp-json\/wp\/v2\/posts\/851\/revisions\/853"}],"wp:attachment":[{"href":"https:\/\/achat.suisse-blog.ch\/de\/wp-json\/wp\/v2\/media?parent=851"}],"wp:term":[{"taxonomy":"category","embeddable":true,"href":"https:\/\/achat.suisse-blog.ch\/de\/wp-json\/wp\/v2\/categories?post=851"},{"taxonomy":"post_tag","embeddable":true,"href":"https:\/\/achat.suisse-blog.ch\/de\/wp-json\/wp\/v2\/tags?post=851"}],"curies":[{"name":"wp","href":"https:\/\/api.w.org\/{rel}","templated":true}]}}